{"id":3487,"date":"2025-05-02T17:46:01","date_gmt":"2025-05-02T17:46:01","guid":{"rendered":"https:\/\/www.gerle-communications.co.uk\/?p=3487"},"modified":"2025-09-03T15:54:53","modified_gmt":"2025-09-03T15:54:53","slug":"private-equity-trends-in-frankreich-und-deutschland","status":"publish","type":"post","link":"https:\/\/www.gerle-communications.co.uk\/de\/2025\/05\/private-equity-trends-in-frankreich-und-deutschland\/","title":{"rendered":"Private Equity: Trends in Frankreich und Deutschland"},"content":{"rendered":"<p><strong>Wenn es um Private Equity geht, dann schielen deutsche institutionelle Investoren (oder \u201eLimited Partners&#8220;, wie sie auch genannt werden) oft neidisch nach Frankreich. Der Nachbar im Westen gilt als europ\u00e4isches Vorbild, sowohl wenn es um Fr\u00fchphasen- (\u201eStart-up&#8220;) und Anschlussfinanzierung (\u201eScale-up&#8220;) innovativer Firmen geht als auch bei Bewertungen von bereits \u00fcber einer Milliarde Euro bei einigen nicht-b\u00f6rsennotierten Unternehmen (\u201eEinh\u00f6rner&#8220;). In einem gemeinsamen Beitrag skizzieren Am\u00e9lie V\u00e9rone, Gr\u00fcnderin der Pariser PR-Finanzagentur <a href=\"https:\/\/agenceaetp.com\/\" target=\"_blank\" rel=\"noopener\">A&amp;P Conseil Communication<\/a>, und Hagen Gerle die aktuelle Lage von Private Equity als Anlageform f\u00fcr Privatinvestoren in beiden L\u00e4ndern.<\/strong><\/p>\n<p><em>Der franz\u00f6sische Beitrag von Am\u00e9lie ist auch auf Boursorama.com erschienen, einer franz\u00f6sischen Online-B\u00f6rseninformationsplattform, die sich sowohl an Privatanleger als auch an Fachleute richtet<strong>: <a href=\"https:\/\/www.boursorama.com\/patrimoine\/actualites\/l-interet-du-non-cote-aupres-des-particuliers-ne-fait-que-commencer-3c2ea82b2d4cfa52863db456753ad69d\" target=\"_blank\" rel=\"noopener\">L\u2019int\u00e9r\u00eat du non cot\u00e9 aupr\u00e8s des particuliers ne fait que commencer ! &#8211; Boursorama<\/a><\/strong><\/em><\/p>\n<h3>Das Interesse der Kleinanleger in Frankreich an nicht-b\u00f6rsennotierten Unternehmen hat gerade erst begonnen!<\/h3>\n<p>In nur wenigen Jahren haben nicht-b\u00f6rsennotierte Fonds bei Privatanlegern in Frankreich ein starkes Wachstum verzeichnet. Nach Angaben der franz\u00f6sischen Finanzaufsichtsbeh\u00f6rde <a href=\"https:\/\/www.amf-france.org\/sites\/institutionnel\/files\/private\/2025-01\/publication_performance_fonds_actifs_non_cotes_retails_012025.pdf\" target=\"_blank\" rel=\"noopener\">AMF<\/a> ist das verwaltete Verm\u00f6gen in nicht b\u00f6rsennotierten Fonds f\u00fcr nicht professionelle Anleger von 628 Millionen Euro Ende 2017 auf 7,8 Milliarden Euro Ende 2023 gestiegen. Eine aktuelle <a href=\"https:\/\/www.franceinvest.eu\/wp-content\/uploads\/2025\/04\/Etude-Acces-des-particuliers-au-non-cote_France-Invest_VDEF.pdf\" target=\"_blank\" rel=\"noopener\">Studie von France Invest<\/a> best\u00e4tigt, dass dieser positive Trend anh\u00e4lt.<\/p>\n<p>Dies ist ein grundlegender Trend, der die \u201eklassische&#8220; Verm\u00f6gensaufteilung der Privatanleger neu definiert. Vor zehn Jahren war das \u00a0Investieren in nicht-b\u00f6rsennotierte Unternehmen f\u00fcr die breite \u00d6ffentlichkeit die Ausnahme. Heute ist es eine relativ \u00fcbliche Art der Anlagediversifizierung.<\/p>\n<p>Auf dem franz\u00f6sischen Markt gab es zwei wichtige Entwicklungen, die den Zugang zu nicht-b\u00f6rsennotierten Anlagen f\u00fcr ein breites Spektrum von Anlegern erheblich erleichtert haben.<\/p>\n<ul>\n<li>Erstens: niedrigere Einstiegsgeb\u00fchren, die eine hohe H\u00fcrde f\u00fcr die breite \u00d6ffentlichkeit beseitigt haben. So bieten einige Onlinebanken ihren Kunden inzwischen die M\u00f6glichkeit, bereits ab 25 Euro in Private Equity zu investieren. Das ist weit entfernt von den 100.000 Euro, die vor nicht allzu langer Zeit die klassische Eintrittskarte in dieses Marktsegment waren.<\/li>\n<\/ul>\n<ul>\n<li>Die zweite Schl\u00fcsselinnovation ist die Entwicklung von sogenannten \u201eEvergreen&#8220;-Fonds, d. h. von Anlagevehikeln, die im Gegensatz zu herk\u00f6mmlichen Fonds, die eine vordefinierte Laufzeit haben, f\u00fcr einen unbegrenzten Zeitraum ausgelegt sind. Der Vorteil? Die Anleger k\u00f6nnen leichter aussteigen, ohne auf eine bestimmte Laufzeit warten zu m\u00fcssen. F\u00fcr Kleinanleger ist diese verbesserte Liquidit\u00e4t von entscheidender Bedeutung.<\/li>\n<\/ul>\n<p>Nach den neuesten Zahlen von <a href=\"https:\/\/www.franceinvest.eu\/wp-content\/uploads\/2025\/04\/Etude-Acces-des-particuliers-au-non-cote_France-Invest_VDEF.pdf\" target=\"_blank\" rel=\"noopener\">France Invest<\/a> f\u00fcr das Jahr 2024 machen allein solche Evergreen-Fonds 65 % des von franz\u00f6sischen Kleinanlegern in nicht-b\u00f6rsennotierten Fonds investierten Verm\u00f6gens aus. Derselben Quelle zufolge haben diese Fonds eine durchschnittliche j\u00e4hrliche Rendite von 5,8 %.<\/p>\n<p>Die Studie von France Invest zeigt auch, dass 76 % der Investitionen von Privatpersonen in nicht-b\u00f6rsennotierte Fonds im Jahr 2024 \u00fcber Anbieter einer Lebensversicherung get\u00e4tigt wurden, und zwar in einer Reihe von Marktsegmenten und Fondstypen: Private Equity, Private Debt, Sekund\u00e4rfonds, Dachfonds usw. Die Zufl\u00fcsse in diese Fonds sind ebenfalls weiter gestiegen, und zwar um 29 % im vergangenen Jahr gegen\u00fcber 2023. Dieser Erfolg wird sich in den kommenden Jahren sicher fortsetzen&#8230;<\/p>\n<h3>Kommt Private Equity in Deutschland nun auch bei Privatanlegern an?<\/h3>\n<p>Wie steht es um Private Equity (PE) bei Frankreichs Nachbarn? Entwickelt sich Deutschland unter seiner neuen Regierung (wieder) zu einer Nation der Erfinder, Forscher und Gr\u00fcnder? Kann sich die Private-Equity-Branche schon jetzt auf erfolgreiche Start-ups unter Drohnenherstellern, Gentherapeuten und Computerspieleprogrammierern \u201emade in Germany&#8220; freuen? Und werden auch Privatanleger dabei sein, wenn Regierung und die PE-Industrie das gro\u00dfe Investitionsrad drehen?<\/p>\n<p>Der <a href=\"https:\/\/www.spd.de\/fileadmin\/Dokumente\/Koalitionsvertrag2025_bf.pdf\" target=\"_blank\" rel=\"noopener\">Koalitionsvertrag <\/a>weckt Hoffnungen f\u00fcr die Branche. W\u00e4hrend der Begriff \u201ePrivate Equity&#8220; auf den 146 Seiten kein einziges Mal vorkommt, wird \u201eWagniskapital&#8220; dreimal erw\u00e4hnt. Konkret hei\u00dft es in der Vereinbarung zwischen CDU, CSU und SPD:<\/p>\n<ul>\n<li>\u201eMit dem Einsatz f\u00fcr eine Solvency II-Novelle und ihrer praxisnahen Umsetzung aktivieren wir viele Milliarden Euro, indem die Eigenkapitalanforderungen unter anderem f\u00fcr Infrastrukturprojekte und Wagniskapital gesenkt werden.\u201c<\/li>\n<li>\u201eDie Biotechnologie wird als Schl\u00fcsselindustrie gef\u00f6rdert, und ihre Anwendungen werden regulatorisch erleichtert, auch mit Blick auf die neuen genomischen Techniken. Gr\u00fcndungen in diesem Bereich werden wir \u00fcber bessere Bedingungen zur Mobilisierung von Wagniskapital unterst\u00fctzen.\u201c<\/li>\n<li>\u201eRahmenbedingungen f\u00fcr Start-ups werden wir weiter verbessern. Daf\u00fcr werden wir insbesondere die Verf\u00fcgbarkeit von Wagniskapital durch bessere Beteiligungsm\u00f6glichkeiten institutioneller Investoren erh\u00f6hen.\u201c<\/li>\n<\/ul>\n<p>Gerade beim letzten Punkt werden institutionelle Anleger aufhorchen und nicht mehr neidisch nach Frankreich schielen m\u00fcssen. <a href=\"https:\/\/www.handelsblatt.com\/technik\/it-internet\/start-ups-diese-deutschen-jungfirmen-koennten-bald-milliarden-wert-sein\/100099543.html\" target=\"_blank\" rel=\"noopener\">Der Nachbar im Westen gilt als europ\u00e4isches Vorbild<\/a>, wenn es um Fr\u00fchphasen- (Start-up) und Anschlussfinanzierung (Scale-up) wachstumsstarker, innovativer Firmen und die Bewertungen von Unternehmen \u00fcber einer Milliarde Euro (Einh\u00f6rner) geht.<\/p>\n<h4><strong>ELTIFs und Evergreen-Fonds<\/strong><\/h4>\n<p>Auch in Deutschland entdecken immer mehr Fondsgesellschaften, dass Private Equity nicht nur f\u00fcr institutionelle, sondern auch f\u00fcr Privatanleger attraktiv sein und hohe Assets generieren kann.<\/p>\n<p>Union Investment zum Beispiel, die Kapitalanlagegesellschaft der deutschen Genossenschaftsbanken, sieht Wachstumspotenzial im Segment der Privatm\u00e4rkte, und dort explizit bei Privatkunden. Jochen Kerler, verantwortlich f\u00fcr alternative Anlagen f\u00fcr Privatkunden bei Union, sagte k\u00fcrzlich in einem <a href=\"https:\/\/www.bloomberg.com\/news\/articles\/2025-04-28\/geldanlage-jenseits-aktien-union-investment-setzt-auf-private-markets-fonds\" target=\"_blank\" rel=\"noopener\">Interview mit <em>Bloomberg<\/em><\/a>, dass dies durch die Auflegung eines weiteren European Long Term Investment Fund (ELTIF), diesmal mit Schwerpunkt auf Private Equity, erreicht werden k\u00f6nnte.<\/p>\n<p>Das Problem, dass traditionelle Private-Equity-Investitionen in der Regel einen l\u00e4ngeren Anlagezeitraum haben und nicht als liquide gelten, k\u00f6nnte dadurch gel\u00f6st werden, dass Investmentgesellschaften so genannte \u201eEvergreen&#8220;-Fonds auflegen.<\/p>\n<p>Solche ewigen Fonds, die in Frankreich bereits sehr beliebt sind, unterscheiden sich von traditionellen Private-Equity-Fonds dadurch, dass sie keine feste Laufzeit haben. Bei Evergreen-Fonds k\u00f6nnen die Anleger ihre Anteile in der Regel auch viertelj\u00e4hrlich bis zu einer Obergrenze verkaufen.<\/p>\n<p>Das ist doch mal eine erstrebenswerte Perspektive: Lockerere staatliche Rahmenbedingungen mobilisieren endlich auch in der Bundesrepublik institutionelles Gro\u00df- UND privates Schwarmkapital f\u00fcr mehr Investitionen in deutsche Garagenfabriken und T\u00fcftlerstuben!<\/p>\n","protected":false},"excerpt":{"rendered":"<p>Wenn es um Private Equity geht, dann schielen deutsche institutionelle Investoren (oder \u201eLimited Partners&#8220;, wie sie auch genannt werden) oft neidisch nach Frankreich. Der Nachbar im Westen gilt als europ\u00e4isches Vorbild, sowohl wenn es um Fr\u00fchphasen- (\u201eStart-up&#8220;) und Anschlussfinanzierung (\u201eScale-up&#8220;) innovativer Firmen geht als auch bei Bewertungen von bereits \u00fcber einer Milliarde Euro bei einigen [&hellip;]<\/p>\n","protected":false},"author":4,"featured_media":3517,"comment_status":"closed","ping_status":"closed","sticky":false,"template":"","format":"standard","meta":{"ocean_post_layout":"","ocean_both_sidebars_style":"","ocean_both_sidebars_content_width":0,"ocean_both_sidebars_sidebars_width":0,"ocean_sidebar":"0","ocean_second_sidebar":"0","ocean_disable_margins":"enable","ocean_add_body_class":"","ocean_shortcode_before_top_bar":"","ocean_shortcode_after_top_bar":"","ocean_shortcode_before_header":"","ocean_shortcode_after_header":"","ocean_has_shortcode":"","ocean_shortcode_after_title":"","ocean_shortcode_before_footer_widgets":"","ocean_shortcode_after_footer_widgets":"","ocean_shortcode_before_footer_bottom":"","ocean_shortcode_after_footer_bottom":"","ocean_display_top_bar":"default","ocean_display_header":"default","ocean_header_style":"minimal","ocean_center_header_left_menu":"0","ocean_custom_header_template":"0","ocean_custom_logo":0,"ocean_custom_retina_logo":0,"ocean_custom_logo_max_width":0,"ocean_custom_logo_tablet_max_width":0,"ocean_custom_logo_mobile_max_width":0,"ocean_custom_logo_max_height":0,"ocean_custom_logo_tablet_max_height":0,"ocean_custom_logo_mobile_max_height":0,"ocean_header_custom_menu":"0","ocean_menu_typo_font_family":"0","ocean_menu_typo_font_subset":"","ocean_menu_typo_font_size":0,"ocean_menu_typo_font_size_tablet":0,"ocean_menu_typo_font_size_mobile":0,"ocean_menu_typo_font_size_unit":"px","ocean_menu_typo_font_weight":"","ocean_menu_typo_font_weight_tablet":"","ocean_menu_typo_font_weight_mobile":"","ocean_menu_typo_transform":"","ocean_menu_typo_transform_tablet":"","ocean_menu_typo_transform_mobile":"","ocean_menu_typo_line_height":0,"ocean_menu_typo_line_height_tablet":0,"ocean_menu_typo_line_height_mobile":0,"ocean_menu_typo_line_height_unit":"","ocean_menu_typo_spacing":0,"ocean_menu_typo_spacing_tablet":0,"ocean_menu_typo_spacing_mobile":0,"ocean_menu_typo_spacing_unit":"","ocean_menu_link_color":"","ocean_menu_link_color_hover":"","ocean_menu_link_color_active":"","ocean_menu_link_background":"","ocean_menu_link_hover_background":"","ocean_menu_link_active_background":"","ocean_menu_social_links_bg":"","ocean_menu_social_hover_links_bg":"","ocean_menu_social_links_color":"","ocean_menu_social_hover_links_color":"","ocean_disable_title":"on","ocean_disable_heading":"default","ocean_post_title":"","ocean_post_subheading":"","ocean_post_title_style":"","ocean_post_title_background_color":"","ocean_post_title_background":0,"ocean_post_title_bg_image_position":"","ocean_post_title_bg_image_attachment":"","ocean_post_title_bg_image_repeat":"","ocean_post_title_bg_image_size":"","ocean_post_title_height":0,"ocean_post_title_bg_overlay":0.5,"ocean_post_title_bg_overlay_color":"","ocean_disable_breadcrumbs":"default","ocean_breadcrumbs_color":"","ocean_breadcrumbs_separator_color":"","ocean_breadcrumbs_links_color":"","ocean_breadcrumbs_links_hover_color":"","ocean_display_footer_widgets":"default","ocean_display_footer_bottom":"default","ocean_custom_footer_template":"0","_pvb_checkbox_block_on_post":false,"ocean_post_oembed":"","ocean_post_self_hosted_media":"","ocean_post_video_embed":"","ocean_link_format":"","ocean_link_format_target":"self","ocean_quote_format":"","ocean_quote_format_link":"post","ocean_gallery_link_images":"on","ocean_gallery_id":[],"footnotes":""},"categories":[93],"tags":[123,121],"class_list":["post-3487","post","type-post","status-publish","format-standard","has-post-thumbnail","hentry","category-allgemein","tag-investitionen-in-infrastruktur","tag-private-equity-de","entry","has-media"],"yoast_head":"<!-- This site is optimized with the Yoast SEO plugin v27.5 - https:\/\/yoast.com\/product\/yoast-seo-wordpress\/ -->\n<title>Private Equity: Trends in Frankreich und Deutschland - Gerle Financial Communications<\/title>\n<meta name=\"description\" content=\"Am\u00e9lie V\u00e9rone, Gr\u00fcnderin der in Paris ans\u00e4ssigen Kommunikationsagentur A&amp;P Conseil Communication, und Hagen Gerle von Gerle Financial Communications skizzieren die aktuelle Situation von Private Equity als Anlageinstrument f\u00fcr Privatanleger in Frankreich und Gro\u00dfbritannien.\" \/>\n<meta name=\"robots\" content=\"index, follow, max-snippet:-1, max-image-preview:large, max-video-preview:-1\" \/>\n<link rel=\"canonical\" href=\"https:\/\/www.gerle-communications.co.uk\/de\/2025\/05\/private-equity-trends-in-frankreich-und-deutschland\/\" \/>\n<meta property=\"og:locale\" content=\"de_DE\" \/>\n<meta property=\"og:type\" content=\"article\" \/>\n<meta property=\"og:title\" content=\"Private Equity: Trends in Frankreich und Deutschland - Gerle Financial Communications\" \/>\n<meta property=\"og:description\" content=\"Am\u00e9lie V\u00e9rone, Gr\u00fcnderin der in Paris ans\u00e4ssigen Kommunikationsagentur A&amp;P Conseil Communication, und Hagen Gerle von Gerle Financial Communications skizzieren die aktuelle Situation von Private Equity als Anlageinstrument f\u00fcr Privatanleger in Frankreich und Gro\u00dfbritannien.\" \/>\n<meta property=\"og:url\" content=\"https:\/\/www.gerle-communications.co.uk\/de\/2025\/05\/private-equity-trends-in-frankreich-und-deutschland\/\" \/>\n<meta property=\"og:site_name\" content=\"Gerle Financial Communications\" \/>\n<meta property=\"article:published_time\" content=\"2025-05-02T17:46:01+00:00\" \/>\n<meta property=\"article:modified_time\" content=\"2025-09-03T15:54:53+00:00\" \/>\n<meta property=\"og:image\" content=\"https:\/\/www.gerle-communications.co.uk\/wp-content\/uploads\/2025\/05\/Linkedin-Private-equity.jpg\" \/>\n\t<meta property=\"og:image:width\" content=\"676\" \/>\n\t<meta property=\"og:image:height\" content=\"676\" \/>\n\t<meta property=\"og:image:type\" content=\"image\/jpeg\" \/>\n<meta name=\"author\" content=\"Hagen Gerle\" \/>\n<meta name=\"twitter:card\" content=\"summary_large_image\" \/>\n<meta name=\"twitter:label1\" content=\"Verfasst von\" \/>\n\t<meta name=\"twitter:data1\" content=\"Hagen Gerle\" \/>\n\t<meta name=\"twitter:label2\" content=\"Gesch\u00e4tzte Lesezeit\" \/>\n\t<meta name=\"twitter:data2\" content=\"5\u00a0Minuten\" \/>\n<script type=\"application\/ld+json\" class=\"yoast-schema-graph\">{\"@context\":\"https:\\\/\\\/schema.org\",\"@graph\":[{\"@type\":\"Article\",\"@id\":\"https:\\\/\\\/www.gerle-communications.co.uk\\\/de\\\/2025\\\/05\\\/private-equity-trends-in-frankreich-und-deutschland\\\/#article\",\"isPartOf\":{\"@id\":\"https:\\\/\\\/www.gerle-communications.co.uk\\\/de\\\/2025\\\/05\\\/private-equity-trends-in-frankreich-und-deutschland\\\/\"},\"author\":{\"name\":\"Hagen Gerle\",\"@id\":\"https:\\\/\\\/www.gerle-communications.co.uk\\\/de\\\/#\\\/schema\\\/person\\\/f09cc11cf9702d5b6c1d8a780165d3d0\"},\"headline\":\"Private Equity: Trends in Frankreich und Deutschland\",\"datePublished\":\"2025-05-02T17:46:01+00:00\",\"dateModified\":\"2025-09-03T15:54:53+00:00\",\"mainEntityOfPage\":{\"@id\":\"https:\\\/\\\/www.gerle-communications.co.uk\\\/de\\\/2025\\\/05\\\/private-equity-trends-in-frankreich-und-deutschland\\\/\"},\"wordCount\":970,\"publisher\":{\"@id\":\"https:\\\/\\\/www.gerle-communications.co.uk\\\/de\\\/#organization\"},\"image\":{\"@id\":\"https:\\\/\\\/www.gerle-communications.co.uk\\\/de\\\/2025\\\/05\\\/private-equity-trends-in-frankreich-und-deutschland\\\/#primaryimage\"},\"thumbnailUrl\":\"https:\\\/\\\/www.gerle-communications.co.uk\\\/wp-content\\\/uploads\\\/2025\\\/05\\\/Linkedin-Private-equity.jpg\",\"keywords\":[\"Infrastruktur\",\"Private Equity (DE)\"],\"inLanguage\":\"de\"},{\"@type\":\"WebPage\",\"@id\":\"https:\\\/\\\/www.gerle-communications.co.uk\\\/de\\\/2025\\\/05\\\/private-equity-trends-in-frankreich-und-deutschland\\\/\",\"url\":\"https:\\\/\\\/www.gerle-communications.co.uk\\\/de\\\/2025\\\/05\\\/private-equity-trends-in-frankreich-und-deutschland\\\/\",\"name\":\"Private Equity: Trends in Frankreich und Deutschland - Gerle Financial Communications\",\"isPartOf\":{\"@id\":\"https:\\\/\\\/www.gerle-communications.co.uk\\\/de\\\/#website\"},\"primaryImageOfPage\":{\"@id\":\"https:\\\/\\\/www.gerle-communications.co.uk\\\/de\\\/2025\\\/05\\\/private-equity-trends-in-frankreich-und-deutschland\\\/#primaryimage\"},\"image\":{\"@id\":\"https:\\\/\\\/www.gerle-communications.co.uk\\\/de\\\/2025\\\/05\\\/private-equity-trends-in-frankreich-und-deutschland\\\/#primaryimage\"},\"thumbnailUrl\":\"https:\\\/\\\/www.gerle-communications.co.uk\\\/wp-content\\\/uploads\\\/2025\\\/05\\\/Linkedin-Private-equity.jpg\",\"datePublished\":\"2025-05-02T17:46:01+00:00\",\"dateModified\":\"2025-09-03T15:54:53+00:00\",\"description\":\"Am\u00e9lie V\u00e9rone, Gr\u00fcnderin der in Paris ans\u00e4ssigen Kommunikationsagentur A&P Conseil Communication, und Hagen Gerle von Gerle Financial Communications skizzieren die aktuelle Situation von Private Equity als Anlageinstrument f\u00fcr Privatanleger in Frankreich und Gro\u00dfbritannien.\",\"breadcrumb\":{\"@id\":\"https:\\\/\\\/www.gerle-communications.co.uk\\\/de\\\/2025\\\/05\\\/private-equity-trends-in-frankreich-und-deutschland\\\/#breadcrumb\"},\"inLanguage\":\"de\",\"potentialAction\":[{\"@type\":\"ReadAction\",\"target\":[\"https:\\\/\\\/www.gerle-communications.co.uk\\\/de\\\/2025\\\/05\\\/private-equity-trends-in-frankreich-und-deutschland\\\/\"]}]},{\"@type\":\"ImageObject\",\"inLanguage\":\"de\",\"@id\":\"https:\\\/\\\/www.gerle-communications.co.uk\\\/de\\\/2025\\\/05\\\/private-equity-trends-in-frankreich-und-deutschland\\\/#primaryimage\",\"url\":\"https:\\\/\\\/www.gerle-communications.co.uk\\\/wp-content\\\/uploads\\\/2025\\\/05\\\/Linkedin-Private-equity.jpg\",\"contentUrl\":\"https:\\\/\\\/www.gerle-communications.co.uk\\\/wp-content\\\/uploads\\\/2025\\\/05\\\/Linkedin-Private-equity.jpg\",\"width\":676,\"height\":676},{\"@type\":\"BreadcrumbList\",\"@id\":\"https:\\\/\\\/www.gerle-communications.co.uk\\\/de\\\/2025\\\/05\\\/private-equity-trends-in-frankreich-und-deutschland\\\/#breadcrumb\",\"itemListElement\":[{\"@type\":\"ListItem\",\"position\":1,\"name\":\"Home\",\"item\":\"https:\\\/\\\/www.gerle-communications.co.uk\\\/de\\\/\"},{\"@type\":\"ListItem\",\"position\":2,\"name\":\"Private Equity: Trends in Frankreich und Deutschland\"}]},{\"@type\":\"WebSite\",\"@id\":\"https:\\\/\\\/www.gerle-communications.co.uk\\\/de\\\/#website\",\"url\":\"https:\\\/\\\/www.gerle-communications.co.uk\\\/de\\\/\",\"name\":\"Gerle Financial Communications\",\"description\":\"\",\"publisher\":{\"@id\":\"https:\\\/\\\/www.gerle-communications.co.uk\\\/de\\\/#organization\"},\"potentialAction\":[{\"@type\":\"SearchAction\",\"target\":{\"@type\":\"EntryPoint\",\"urlTemplate\":\"https:\\\/\\\/www.gerle-communications.co.uk\\\/de\\\/?s={search_term_string}\"},\"query-input\":{\"@type\":\"PropertyValueSpecification\",\"valueRequired\":true,\"valueName\":\"search_term_string\"}}],\"inLanguage\":\"de\"},{\"@type\":\"Organization\",\"@id\":\"https:\\\/\\\/www.gerle-communications.co.uk\\\/de\\\/#organization\",\"name\":\"Gerle Financial Communications\",\"url\":\"https:\\\/\\\/www.gerle-communications.co.uk\\\/de\\\/\",\"logo\":{\"@type\":\"ImageObject\",\"inLanguage\":\"de\",\"@id\":\"https:\\\/\\\/www.gerle-communications.co.uk\\\/de\\\/#\\\/schema\\\/logo\\\/image\\\/\",\"url\":\"https:\\\/\\\/www.gerle-communications.co.uk\\\/wp-content\\\/uploads\\\/2025\\\/07\\\/gerle_logo_financial_communications.png\",\"contentUrl\":\"https:\\\/\\\/www.gerle-communications.co.uk\\\/wp-content\\\/uploads\\\/2025\\\/07\\\/gerle_logo_financial_communications.png\",\"width\":300,\"height\":104,\"caption\":\"Gerle Financial Communications\"},\"image\":{\"@id\":\"https:\\\/\\\/www.gerle-communications.co.uk\\\/de\\\/#\\\/schema\\\/logo\\\/image\\\/\"},\"sameAs\":[\"https:\\\/\\\/www.linkedin.com\\\/in\\\/hagen-gerle-828538b4?lipi=urn:li:page:d_flagship3_profile_view_base_contact_details;4JKqkc0GRzOTmpyrZYE7eA==\"]},{\"@type\":\"Person\",\"@id\":\"https:\\\/\\\/www.gerle-communications.co.uk\\\/de\\\/#\\\/schema\\\/person\\\/f09cc11cf9702d5b6c1d8a780165d3d0\",\"name\":\"Hagen Gerle\",\"image\":{\"@type\":\"ImageObject\",\"inLanguage\":\"de\",\"@id\":\"https:\\\/\\\/www.gerle-communications.co.uk\\\/wp-content\\\/uploads\\\/2019\\\/09\\\/hagen-gerle-150x150.jpg\",\"url\":\"https:\\\/\\\/www.gerle-communications.co.uk\\\/wp-content\\\/uploads\\\/2019\\\/09\\\/hagen-gerle-150x150.jpg\",\"contentUrl\":\"https:\\\/\\\/www.gerle-communications.co.uk\\\/wp-content\\\/uploads\\\/2019\\\/09\\\/hagen-gerle-150x150.jpg\",\"caption\":\"Hagen Gerle\"},\"sameAs\":[\"https:\\\/\\\/www.gerle-communications.co.uk\\\/\"],\"url\":\"https:\\\/\\\/www.gerle-communications.co.uk\\\/de\\\/author\\\/lulworth2023\\\/\"}]}<\/script>\n<!-- \/ Yoast SEO plugin. -->","yoast_head_json":{"title":"Private Equity: Trends in Frankreich und Deutschland - Gerle Financial Communications","description":"Am\u00e9lie V\u00e9rone, Gr\u00fcnderin der in Paris ans\u00e4ssigen Kommunikationsagentur A&P Conseil Communication, und Hagen Gerle von Gerle Financial Communications skizzieren die aktuelle Situation von Private Equity als Anlageinstrument f\u00fcr Privatanleger in Frankreich und Gro\u00dfbritannien.","robots":{"index":"index","follow":"follow","max-snippet":"max-snippet:-1","max-image-preview":"max-image-preview:large","max-video-preview":"max-video-preview:-1"},"canonical":"https:\/\/www.gerle-communications.co.uk\/de\/2025\/05\/private-equity-trends-in-frankreich-und-deutschland\/","og_locale":"de_DE","og_type":"article","og_title":"Private Equity: Trends in Frankreich und Deutschland - Gerle Financial Communications","og_description":"Am\u00e9lie V\u00e9rone, Gr\u00fcnderin der in Paris ans\u00e4ssigen Kommunikationsagentur A&P Conseil Communication, und Hagen Gerle von Gerle Financial Communications skizzieren die aktuelle Situation von Private Equity als Anlageinstrument f\u00fcr Privatanleger in Frankreich und Gro\u00dfbritannien.","og_url":"https:\/\/www.gerle-communications.co.uk\/de\/2025\/05\/private-equity-trends-in-frankreich-und-deutschland\/","og_site_name":"Gerle Financial Communications","article_published_time":"2025-05-02T17:46:01+00:00","article_modified_time":"2025-09-03T15:54:53+00:00","og_image":[{"width":676,"height":676,"url":"https:\/\/www.gerle-communications.co.uk\/wp-content\/uploads\/2025\/05\/Linkedin-Private-equity.jpg","type":"image\/jpeg"}],"author":"Hagen Gerle","twitter_card":"summary_large_image","twitter_misc":{"Verfasst von":"Hagen Gerle","Gesch\u00e4tzte Lesezeit":"5\u00a0Minuten"},"schema":{"@context":"https:\/\/schema.org","@graph":[{"@type":"Article","@id":"https:\/\/www.gerle-communications.co.uk\/de\/2025\/05\/private-equity-trends-in-frankreich-und-deutschland\/#article","isPartOf":{"@id":"https:\/\/www.gerle-communications.co.uk\/de\/2025\/05\/private-equity-trends-in-frankreich-und-deutschland\/"},"author":{"name":"Hagen Gerle","@id":"https:\/\/www.gerle-communications.co.uk\/de\/#\/schema\/person\/f09cc11cf9702d5b6c1d8a780165d3d0"},"headline":"Private Equity: Trends in Frankreich und Deutschland","datePublished":"2025-05-02T17:46:01+00:00","dateModified":"2025-09-03T15:54:53+00:00","mainEntityOfPage":{"@id":"https:\/\/www.gerle-communications.co.uk\/de\/2025\/05\/private-equity-trends-in-frankreich-und-deutschland\/"},"wordCount":970,"publisher":{"@id":"https:\/\/www.gerle-communications.co.uk\/de\/#organization"},"image":{"@id":"https:\/\/www.gerle-communications.co.uk\/de\/2025\/05\/private-equity-trends-in-frankreich-und-deutschland\/#primaryimage"},"thumbnailUrl":"https:\/\/www.gerle-communications.co.uk\/wp-content\/uploads\/2025\/05\/Linkedin-Private-equity.jpg","keywords":["Infrastruktur","Private Equity (DE)"],"inLanguage":"de"},{"@type":"WebPage","@id":"https:\/\/www.gerle-communications.co.uk\/de\/2025\/05\/private-equity-trends-in-frankreich-und-deutschland\/","url":"https:\/\/www.gerle-communications.co.uk\/de\/2025\/05\/private-equity-trends-in-frankreich-und-deutschland\/","name":"Private Equity: Trends in Frankreich und Deutschland - Gerle Financial Communications","isPartOf":{"@id":"https:\/\/www.gerle-communications.co.uk\/de\/#website"},"primaryImageOfPage":{"@id":"https:\/\/www.gerle-communications.co.uk\/de\/2025\/05\/private-equity-trends-in-frankreich-und-deutschland\/#primaryimage"},"image":{"@id":"https:\/\/www.gerle-communications.co.uk\/de\/2025\/05\/private-equity-trends-in-frankreich-und-deutschland\/#primaryimage"},"thumbnailUrl":"https:\/\/www.gerle-communications.co.uk\/wp-content\/uploads\/2025\/05\/Linkedin-Private-equity.jpg","datePublished":"2025-05-02T17:46:01+00:00","dateModified":"2025-09-03T15:54:53+00:00","description":"Am\u00e9lie V\u00e9rone, Gr\u00fcnderin der in Paris ans\u00e4ssigen Kommunikationsagentur A&P Conseil Communication, und Hagen Gerle von Gerle Financial Communications skizzieren die aktuelle Situation von Private Equity als Anlageinstrument f\u00fcr Privatanleger in Frankreich und Gro\u00dfbritannien.","breadcrumb":{"@id":"https:\/\/www.gerle-communications.co.uk\/de\/2025\/05\/private-equity-trends-in-frankreich-und-deutschland\/#breadcrumb"},"inLanguage":"de","potentialAction":[{"@type":"ReadAction","target":["https:\/\/www.gerle-communications.co.uk\/de\/2025\/05\/private-equity-trends-in-frankreich-und-deutschland\/"]}]},{"@type":"ImageObject","inLanguage":"de","@id":"https:\/\/www.gerle-communications.co.uk\/de\/2025\/05\/private-equity-trends-in-frankreich-und-deutschland\/#primaryimage","url":"https:\/\/www.gerle-communications.co.uk\/wp-content\/uploads\/2025\/05\/Linkedin-Private-equity.jpg","contentUrl":"https:\/\/www.gerle-communications.co.uk\/wp-content\/uploads\/2025\/05\/Linkedin-Private-equity.jpg","width":676,"height":676},{"@type":"BreadcrumbList","@id":"https:\/\/www.gerle-communications.co.uk\/de\/2025\/05\/private-equity-trends-in-frankreich-und-deutschland\/#breadcrumb","itemListElement":[{"@type":"ListItem","position":1,"name":"Home","item":"https:\/\/www.gerle-communications.co.uk\/de\/"},{"@type":"ListItem","position":2,"name":"Private Equity: Trends in Frankreich und Deutschland"}]},{"@type":"WebSite","@id":"https:\/\/www.gerle-communications.co.uk\/de\/#website","url":"https:\/\/www.gerle-communications.co.uk\/de\/","name":"Gerle Financial Communications","description":"","publisher":{"@id":"https:\/\/www.gerle-communications.co.uk\/de\/#organization"},"potentialAction":[{"@type":"SearchAction","target":{"@type":"EntryPoint","urlTemplate":"https:\/\/www.gerle-communications.co.uk\/de\/?s={search_term_string}"},"query-input":{"@type":"PropertyValueSpecification","valueRequired":true,"valueName":"search_term_string"}}],"inLanguage":"de"},{"@type":"Organization","@id":"https:\/\/www.gerle-communications.co.uk\/de\/#organization","name":"Gerle Financial Communications","url":"https:\/\/www.gerle-communications.co.uk\/de\/","logo":{"@type":"ImageObject","inLanguage":"de","@id":"https:\/\/www.gerle-communications.co.uk\/de\/#\/schema\/logo\/image\/","url":"https:\/\/www.gerle-communications.co.uk\/wp-content\/uploads\/2025\/07\/gerle_logo_financial_communications.png","contentUrl":"https:\/\/www.gerle-communications.co.uk\/wp-content\/uploads\/2025\/07\/gerle_logo_financial_communications.png","width":300,"height":104,"caption":"Gerle Financial Communications"},"image":{"@id":"https:\/\/www.gerle-communications.co.uk\/de\/#\/schema\/logo\/image\/"},"sameAs":["https:\/\/www.linkedin.com\/in\/hagen-gerle-828538b4?lipi=urn:li:page:d_flagship3_profile_view_base_contact_details;4JKqkc0GRzOTmpyrZYE7eA=="]},{"@type":"Person","@id":"https:\/\/www.gerle-communications.co.uk\/de\/#\/schema\/person\/f09cc11cf9702d5b6c1d8a780165d3d0","name":"Hagen Gerle","image":{"@type":"ImageObject","inLanguage":"de","@id":"https:\/\/www.gerle-communications.co.uk\/wp-content\/uploads\/2019\/09\/hagen-gerle-150x150.jpg","url":"https:\/\/www.gerle-communications.co.uk\/wp-content\/uploads\/2019\/09\/hagen-gerle-150x150.jpg","contentUrl":"https:\/\/www.gerle-communications.co.uk\/wp-content\/uploads\/2019\/09\/hagen-gerle-150x150.jpg","caption":"Hagen Gerle"},"sameAs":["https:\/\/www.gerle-communications.co.uk\/"],"url":"https:\/\/www.gerle-communications.co.uk\/de\/author\/lulworth2023\/"}]}},"rttpg_featured_image_url":{"full":["https:\/\/www.gerle-communications.co.uk\/wp-content\/uploads\/2025\/05\/Linkedin-Private-equity.jpg",676,676,false],"landscape":["https:\/\/www.gerle-communications.co.uk\/wp-content\/uploads\/2025\/05\/Linkedin-Private-equity.jpg",676,676,false],"portraits":["https:\/\/www.gerle-communications.co.uk\/wp-content\/uploads\/2025\/05\/Linkedin-Private-equity.jpg",676,676,false],"thumbnail":["https:\/\/www.gerle-communications.co.uk\/wp-content\/uploads\/2025\/05\/Linkedin-Private-equity-150x150.jpg",150,150,true],"medium":["https:\/\/www.gerle-communications.co.uk\/wp-content\/uploads\/2025\/05\/Linkedin-Private-equity-300x300.jpg",300,300,true],"large":["https:\/\/www.gerle-communications.co.uk\/wp-content\/uploads\/2025\/05\/Linkedin-Private-equity.jpg",676,676,false],"1536x1536":["https:\/\/www.gerle-communications.co.uk\/wp-content\/uploads\/2025\/05\/Linkedin-Private-equity.jpg",676,676,false],"2048x2048":["https:\/\/www.gerle-communications.co.uk\/wp-content\/uploads\/2025\/05\/Linkedin-Private-equity.jpg",676,676,false],"ocean-thumb-m":["https:\/\/www.gerle-communications.co.uk\/wp-content\/uploads\/2025\/05\/Linkedin-Private-equity-600x600.jpg",600,600,true],"ocean-thumb-ml":["https:\/\/www.gerle-communications.co.uk\/wp-content\/uploads\/2025\/05\/Linkedin-Private-equity-676x450.jpg",676,450,true],"ocean-thumb-l":["https:\/\/www.gerle-communications.co.uk\/wp-content\/uploads\/2025\/05\/Linkedin-Private-equity.jpg",676,676,false]},"rttpg_author":{"display_name":"Hagen Gerle","author_link":"https:\/\/www.gerle-communications.co.uk\/de\/author\/lulworth2023\/"},"rttpg_comment":0,"rttpg_category":"<a href=\"https:\/\/www.gerle-communications.co.uk\/de\/category\/allgemein\/\" rel=\"category tag\">Allgemein<\/a>","rttpg_excerpt":"Wenn es um Private Equity geht, dann schielen deutsche institutionelle Investoren (oder \u201eLimited Partners&#8220;, wie sie auch genannt werden) oft neidisch nach Frankreich. Der Nachbar im Westen gilt als europ\u00e4isches Vorbild, sowohl wenn es um Fr\u00fchphasen- (\u201eStart-up&#8220;) und Anschlussfinanzierung (\u201eScale-up&#8220;) innovativer Firmen geht als auch bei Bewertungen von bereits \u00fcber einer Milliarde Euro bei einigen&hellip;","_links":{"self":[{"href":"https:\/\/www.gerle-communications.co.uk\/de\/wp-json\/wp\/v2\/posts\/3487","targetHints":{"allow":["GET"]}}],"collection":[{"href":"https:\/\/www.gerle-communications.co.uk\/de\/wp-json\/wp\/v2\/posts"}],"about":[{"href":"https:\/\/www.gerle-communications.co.uk\/de\/wp-json\/wp\/v2\/types\/post"}],"author":[{"embeddable":true,"href":"https:\/\/www.gerle-communications.co.uk\/de\/wp-json\/wp\/v2\/users\/4"}],"replies":[{"embeddable":true,"href":"https:\/\/www.gerle-communications.co.uk\/de\/wp-json\/wp\/v2\/comments?post=3487"}],"version-history":[{"count":16,"href":"https:\/\/www.gerle-communications.co.uk\/de\/wp-json\/wp\/v2\/posts\/3487\/revisions"}],"predecessor-version":[{"id":4594,"href":"https:\/\/www.gerle-communications.co.uk\/de\/wp-json\/wp\/v2\/posts\/3487\/revisions\/4594"}],"wp:featuredmedia":[{"embeddable":true,"href":"https:\/\/www.gerle-communications.co.uk\/de\/wp-json\/wp\/v2\/media\/3517"}],"wp:attachment":[{"href":"https:\/\/www.gerle-communications.co.uk\/de\/wp-json\/wp\/v2\/media?parent=3487"}],"wp:term":[{"taxonomy":"category","embeddable":true,"href":"https:\/\/www.gerle-communications.co.uk\/de\/wp-json\/wp\/v2\/categories?post=3487"},{"taxonomy":"post_tag","embeddable":true,"href":"https:\/\/www.gerle-communications.co.uk\/de\/wp-json\/wp\/v2\/tags?post=3487"}],"curies":[{"name":"wp","href":"https:\/\/api.w.org\/{rel}","templated":true}]}}