{"id":3022,"date":"2023-09-26T12:13:22","date_gmt":"2023-09-26T12:13:22","guid":{"rendered":"https:\/\/www.gerle-communications.co.uk\/?p=3022"},"modified":"2025-08-01T16:49:12","modified_gmt":"2025-08-01T16:49:12","slug":"pacific-am-schwellenlaender-sind-seit-2006-nicht-mehr-in-einem-bullen-markt-gewesen","status":"publish","type":"post","link":"https:\/\/www.gerle-communications.co.uk\/de\/2023\/09\/pacific-am-schwellenlaender-sind-seit-2006-nicht-mehr-in-einem-bullen-markt-gewesen\/","title":{"rendered":"Pacific Asset Management: \u201eSchwellenl\u00e4nder sind seit 2006 nicht mehr in einem Bullen-Markt gewesen&#8220;"},"content":{"rendered":"<p><strong>Auch wenn das Interesse an den \u201eEmerging Markets\u201d (EM) \u2013 nicht zuletzt nach dem historischen BRICS-Gipfel in Johannesburg und der G20-Konferenz in Indien \u2013 derzeit wieder gro\u00df ist: Aktien aus Schwellen\u00e4ndern sind, zumindest was ihre Bewertungen anbelangt, noch weit von ihren H\u00f6chstst\u00e4nden entfernt. \u201eDie Emerging Markets sind seit 2006 nicht mehr in einem Bullen-Markt gewesen\u201d, h\u00e4lt Kamil Dimmich, Portfoliomanager bei der britischen Investmentboutique <a href=\"https:\/\/www.pacificam.co.uk\/\" target=\"_blank\" rel=\"noopener\">Pacific Asset Management<\/a>, n\u00fcchtern fest.\u00a0<\/strong><\/p>\n<p>Der von <a href=\"https:\/\/citywire.com\/selector\/manager\/kamil-dimmich\/d39337\" target=\"_blank\" rel=\"noopener\">Citywire mit einem \u201eAA&#8220; bewertete Dimmich<\/a> leitet den 1,15 Mrd. USD (Stand 31. Juli 2023) gro\u00dfen <a href=\"https:\/\/www.pacificam.co.uk\/core-capabilities\/emerging-markets-equity\/\" target=\"_blank\" rel=\"noopener\">Pacific North of South All Cap Equity Fund<\/a>. Er sieht etliche Schwellenl\u00e4nder aufgrund ihrer \u201evielen unterschiedlichen Dynamiken\u201d und geringen Korrelationen untereinander trotzdem auf einem guten Weg.<\/p>\n<p><strong>Korrelationen zwischen Schwellenl\u00e4ndern viel geringer<\/strong><\/p>\n<p>Dimmich verweist auf die BRICS-Staaten (Brasilien, Russland, Indien, China und S\u00fcdafrika) und die sechs Anw\u00e4rter, die zum Jahreswechsel in die illustre Runde aufgenommen werden sollen: Saudi-Arabien, Iran, die Vereinigten Arabischen Emirate (VAE), Argentinien, \u00c4gypten und \u00c4thiopien. Auch wenn China, Argentinien und die VAE aufgrund v\u00f6llig unterschiedlicher Entwicklungsstadien, Bev\u00f6lkerungsgr\u00f6\u00dfen und Regierungsformen schwer unter einen Hut zu bringen seien, gereiche gerade diese Diversit\u00e4t Anlegern zum Vorteil: \u201eDie Korrelationen zwischen den Emerging Markets sind viel geringer als die zwischen Industrienationen.\u201d<\/p>\n<p>Deshalb bieten die EM unter allen Arten von regionalen Aktienmandaten vermutlich die gr\u00f6\u00dfte Gelegenheit f\u00fcr aktive Asset Manager, passive Indizes zu \u00fcbertreffen, so Dimmich. Das liege n\u00e4mlich vor allem an der geringen Korrelation der Schwellenl\u00e4nder untereinander. Der Fondsmanager verdeutlicht das an einer Zahlenspanne, welche die Abh\u00e4ngigkeit der Entwicklung eines Landes von einem anderen zeigt: von 1,0, wenn M\u00e4rkte im Gleichklang sind, bis zu \u20131,0 mit genau gegenl\u00e4ufigen Entwicklungen.<\/p>\n<p><strong>\u201eGewinne in Indonesien k\u00f6nnen Ausverkauf in China wettmachen\u201d<\/strong><\/p>\n<p>\u201eIn den vergangenen zw\u00f6lf Monaten hat der MSCI-Index f\u00fcr Brasilien eine Korrelation von unter 0,1 gegen\u00fcber Taiwan oder den VAE gehabt\u201d, sagt der Experte. \u201eIndonesien hatte null Korrelation zu Mexiko und S\u00fcdafrika und sogar eine negative Korrelation gegen\u00fcber China.\u201d F\u00fcr die entwickelten L\u00e4nder k\u00f6nne er das Gleiche nicht sagen: Abgesehen von Japan und der Schweiz mit relativ niedrigen 0,33 legten diese im selben Zeitraum wesentlich h\u00f6here Abh\u00e4ngigkeiten von 0,4 bis zu 0,9 an den Tag.<\/p>\n<p>\u201eEin diversifiziertes Portfolio hilft Investoren, einen l\u00e4ngerfristigen Blick zu behalten, ohne den Druck, auf abrupte Portfoliobewegungen reagieren zu m\u00fcssen\u201d, sagt der Manager von Pacific AM abschlie\u00dfend. \u201eSelbst wenn in China wie derzeit gerade Ausverkauf angesagt ist, k\u00f6nnen Anleger die Verluste beispielsweise durch Aktiengewinne aus Indonesien kompensieren. Unruhige M\u00e4rkte, wie wir sie gerade in diesem Jahr haben, sind deshalb f\u00fcr uns gar nicht so schlecht. Es gibt viele coole Anlagem\u00f6glichkeiten, die noch gar nicht eingepreist sind.\u201d<\/p>\n<p>Der <a href=\"https:\/\/www.pacificam.co.uk\/core-capabilities\/emerging-markets-equity\/\" target=\"_blank\" rel=\"noopener\">Pacific North of South Emerging Markets All Cap Equity Fund<\/a> von Pacific AM ist ein aktiv verwalteter globaler Schwellenl\u00e4nderaktienfonds. Der Fonds, der von den Emerging-Markets-Veteranen Matthew Linsey und Kamil Dimmich verwaltet wird, wurde im November 2017 aufgelegt und hat ein Fondsvolumen von 1,15 Mrd. USD (Stand: 31. Juli 2023).<\/p>\n<p><strong>\u00dcber Pacific Asset Management<\/strong><\/p>\n<p>Pacific Asset Management (PAM) ist ein unabh\u00e4ngiger Verm\u00f6gensverwalter mit Sitz in London, der haupts\u00e4chlich institutionelle Kunden betreut. PAM bietet derzeit f\u00fcnf aktive Strategien an, die weder an eine Benchmark noch an eine vordefinierte \u201eHausmeinung&#8220; gebunden sind. Alle Strategien, die auch als UCITS-Fonds in Deutschland und \u00d6sterreich zugelassen sind, sind eigent\u00fcmergef\u00fchrt und zeichnen sich durch drei Anlagemerkmale aus: Sie haben ein konzentriertes Portfolio, sind individuell und ergebnisorientiert. PAM wurde 2017 gegr\u00fcndet und verwaltet derzeit ein Verm\u00f6gen von 3,9 Mrd. GBP (ca. 4,5 Mrd. EUR) zum Stand: 30. Juni 2023. Weitere Informationen finden Sie auf der Website von Pacific AM: <a href=\"https:\/\/www.pacificam.co.uk\/\" target=\"_blank\" rel=\"noopener\">https:\/\/www.pacificam.co.uk\/<\/a><\/p>\n","protected":false},"excerpt":{"rendered":"<p>Auch wenn das Interesse an den \u201eEmerging Markets\u201d (EM) \u2013 nicht zuletzt nach dem historischen BRICS-Gipfel in Johannesburg und der G20-Konferenz in Indien \u2013 derzeit wieder gro\u00df ist: Aktien aus Schwellen\u00e4ndern sind, zumindest was ihre Bewertungen anbelangt, noch weit von ihren H\u00f6chstst\u00e4nden entfernt. \u201eDie Emerging Markets sind seit 2006 nicht mehr in einem Bullen-Markt gewesen\u201d, [&hellip;]<\/p>\n","protected":false},"author":4,"featured_media":3023,"comment_status":"closed","ping_status":"closed","sticky":false,"template":"","format":"standard","meta":{"ocean_post_layout":"","ocean_both_sidebars_style":"","ocean_both_sidebars_content_width":0,"ocean_both_sidebars_sidebars_width":0,"ocean_sidebar":"0","ocean_second_sidebar":"0","ocean_disable_margins":"enable","ocean_add_body_class":"","ocean_shortcode_before_top_bar":"","ocean_shortcode_after_top_bar":"","ocean_shortcode_before_header":"","ocean_shortcode_after_header":"","ocean_has_shortcode":"","ocean_shortcode_after_title":"","ocean_shortcode_before_footer_widgets":"","ocean_shortcode_after_footer_widgets":"","ocean_shortcode_before_footer_bottom":"","ocean_shortcode_after_footer_bottom":"","ocean_display_top_bar":"on","ocean_display_header":"default","ocean_header_style":"minimal","ocean_center_header_left_menu":"0","ocean_custom_header_template":"0","ocean_custom_logo":0,"ocean_custom_retina_logo":0,"ocean_custom_logo_max_width":0,"ocean_custom_logo_tablet_max_width":0,"ocean_custom_logo_mobile_max_width":0,"ocean_custom_logo_max_height":0,"ocean_custom_logo_tablet_max_height":0,"ocean_custom_logo_mobile_max_height":0,"ocean_header_custom_menu":"0","ocean_menu_typo_font_family":"0","ocean_menu_typo_font_subset":"","ocean_menu_typo_font_size":0,"ocean_menu_typo_font_size_tablet":0,"ocean_menu_typo_font_size_mobile":0,"ocean_menu_typo_font_size_unit":"px","ocean_menu_typo_font_weight":"","ocean_menu_typo_font_weight_tablet":"","ocean_menu_typo_font_weight_mobile":"","ocean_menu_typo_transform":"","ocean_menu_typo_transform_tablet":"","ocean_menu_typo_transform_mobile":"","ocean_menu_typo_line_height":0,"ocean_menu_typo_line_height_tablet":0,"ocean_menu_typo_line_height_mobile":0,"ocean_menu_typo_line_height_unit":"","ocean_menu_typo_spacing":0,"ocean_menu_typo_spacing_tablet":0,"ocean_menu_typo_spacing_mobile":0,"ocean_menu_typo_spacing_unit":"","ocean_menu_link_color":"","ocean_menu_link_color_hover":"","ocean_menu_link_color_active":"","ocean_menu_link_background":"","ocean_menu_link_hover_background":"","ocean_menu_link_active_background":"","ocean_menu_social_links_bg":"","ocean_menu_social_hover_links_bg":"","ocean_menu_social_links_color":"","ocean_menu_social_hover_links_color":"","ocean_disable_title":"on","ocean_disable_heading":"default","ocean_post_title":"","ocean_post_subheading":"","ocean_post_title_style":"","ocean_post_title_background_color":"","ocean_post_title_background":0,"ocean_post_title_bg_image_position":"","ocean_post_title_bg_image_attachment":"","ocean_post_title_bg_image_repeat":"","ocean_post_title_bg_image_size":"","ocean_post_title_height":0,"ocean_post_title_bg_overlay":0.5,"ocean_post_title_bg_overlay_color":"","ocean_disable_breadcrumbs":"default","ocean_breadcrumbs_color":"","ocean_breadcrumbs_separator_color":"","ocean_breadcrumbs_links_color":"","ocean_breadcrumbs_links_hover_color":"","ocean_display_footer_widgets":"default","ocean_display_footer_bottom":"default","ocean_custom_footer_template":"0","_pvb_checkbox_block_on_post":false,"ocean_post_oembed":"","ocean_post_self_hosted_media":"","ocean_post_video_embed":"","ocean_link_format":"","ocean_link_format_target":"self","ocean_quote_format":"","ocean_quote_format_link":"post","ocean_gallery_link_images":"on","ocean_gallery_id":[],"footnotes":""},"categories":[125],"tags":[114],"class_list":["post-3022","post","type-post","status-publish","format-standard","has-post-thumbnail","hentry","category-aktuelle-projekte","tag-schwellenlaender","entry","has-media"],"yoast_head":"<!-- This site is optimized with the Yoast SEO plugin v27.5 - https:\/\/yoast.com\/product\/yoast-seo-wordpress\/ -->\n<title>Pacific Asset Management: \u201eSchwellenl\u00e4nder sind seit 2006 nicht mehr in einem Bullen-Markt gewesen&quot; - Gerle Financial Communications<\/title>\n<meta name=\"description\" content=\"\u201eDie Emerging Markets sind seit 2006 nicht mehr in einem Bullen-Markt gewesen\u201d, sagt Kamil Dimmich, Portfoliomanager bei der britischen Investmentboutique Pacific Asset Management. Der von Citywire mit einem &quot;AAA&quot; ausgezeichnete Fondsmanager sieht etliche Schwellenl\u00e4nder aufgrund ihrer \u201evielen unterschiedlichen Dynamiken\u201d und geringen Korrelationen untereinander trotzdem auf einem guten Weg.\" \/>\n<meta name=\"robots\" content=\"index, follow, max-snippet:-1, max-image-preview:large, max-video-preview:-1\" \/>\n<link rel=\"canonical\" href=\"https:\/\/www.gerle-communications.co.uk\/de\/2023\/09\/pacific-am-schwellenlaender-sind-seit-2006-nicht-mehr-in-einem-bullen-markt-gewesen\/\" \/>\n<meta property=\"og:locale\" content=\"de_DE\" \/>\n<meta property=\"og:type\" content=\"article\" \/>\n<meta property=\"og:title\" content=\"Pacific Asset Management: \u201eSchwellenl\u00e4nder sind seit 2006 nicht mehr in einem Bullen-Markt gewesen&quot; - Gerle Financial Communications\" \/>\n<meta property=\"og:description\" content=\"\u201eDie Emerging Markets sind seit 2006 nicht mehr in einem Bullen-Markt gewesen\u201d, sagt Kamil Dimmich, Portfoliomanager bei der britischen Investmentboutique Pacific Asset Management. Der von Citywire mit einem &quot;AAA&quot; ausgezeichnete Fondsmanager sieht etliche Schwellenl\u00e4nder aufgrund ihrer \u201evielen unterschiedlichen Dynamiken\u201d und geringen Korrelationen untereinander trotzdem auf einem guten Weg.\" \/>\n<meta property=\"og:url\" content=\"https:\/\/www.gerle-communications.co.uk\/de\/2023\/09\/pacific-am-schwellenlaender-sind-seit-2006-nicht-mehr-in-einem-bullen-markt-gewesen\/\" \/>\n<meta property=\"og:site_name\" content=\"Gerle Financial Communications\" \/>\n<meta property=\"article:published_time\" content=\"2023-09-26T12:13:22+00:00\" \/>\n<meta property=\"article:modified_time\" content=\"2025-08-01T16:49:12+00:00\" \/>\n<meta property=\"og:image\" content=\"https:\/\/www.gerle-communications.co.uk\/wp-content\/uploads\/2023\/09\/PAM_logo_RGB.jpg\" \/>\n\t<meta property=\"og:image:width\" content=\"1181\" \/>\n\t<meta property=\"og:image:height\" content=\"314\" \/>\n\t<meta property=\"og:image:type\" content=\"image\/jpeg\" \/>\n<meta name=\"author\" content=\"Hagen Gerle\" \/>\n<meta name=\"twitter:card\" content=\"summary_large_image\" \/>\n<meta name=\"twitter:label1\" content=\"Verfasst von\" \/>\n\t<meta name=\"twitter:data1\" content=\"Hagen Gerle\" \/>\n\t<meta name=\"twitter:label2\" content=\"Gesch\u00e4tzte Lesezeit\" \/>\n\t<meta name=\"twitter:data2\" content=\"3\u00a0Minuten\" \/>\n<script type=\"application\/ld+json\" class=\"yoast-schema-graph\">{\"@context\":\"https:\\\/\\\/schema.org\",\"@graph\":[{\"@type\":\"Article\",\"@id\":\"https:\\\/\\\/www.gerle-communications.co.uk\\\/de\\\/2023\\\/09\\\/pacific-am-schwellenlaender-sind-seit-2006-nicht-mehr-in-einem-bullen-markt-gewesen\\\/#article\",\"isPartOf\":{\"@id\":\"https:\\\/\\\/www.gerle-communications.co.uk\\\/de\\\/2023\\\/09\\\/pacific-am-schwellenlaender-sind-seit-2006-nicht-mehr-in-einem-bullen-markt-gewesen\\\/\"},\"author\":{\"name\":\"Hagen Gerle\",\"@id\":\"https:\\\/\\\/www.gerle-communications.co.uk\\\/de\\\/#\\\/schema\\\/person\\\/f09cc11cf9702d5b6c1d8a780165d3d0\"},\"headline\":\"Pacific Asset Management: \u201eSchwellenl\u00e4nder sind seit 2006 nicht mehr in einem Bullen-Markt gewesen&#8220;\",\"datePublished\":\"2023-09-26T12:13:22+00:00\",\"dateModified\":\"2025-08-01T16:49:12+00:00\",\"mainEntityOfPage\":{\"@id\":\"https:\\\/\\\/www.gerle-communications.co.uk\\\/de\\\/2023\\\/09\\\/pacific-am-schwellenlaender-sind-seit-2006-nicht-mehr-in-einem-bullen-markt-gewesen\\\/\"},\"wordCount\":618,\"publisher\":{\"@id\":\"https:\\\/\\\/www.gerle-communications.co.uk\\\/de\\\/#organization\"},\"image\":{\"@id\":\"https:\\\/\\\/www.gerle-communications.co.uk\\\/de\\\/2023\\\/09\\\/pacific-am-schwellenlaender-sind-seit-2006-nicht-mehr-in-einem-bullen-markt-gewesen\\\/#primaryimage\"},\"thumbnailUrl\":\"https:\\\/\\\/www.gerle-communications.co.uk\\\/wp-content\\\/uploads\\\/2023\\\/09\\\/PAM_logo_RGB.jpg\",\"keywords\":[\"Schwellenl\u00e4nder\"],\"articleSection\":[\"Aktuelle Projekte\"],\"inLanguage\":\"de\"},{\"@type\":\"WebPage\",\"@id\":\"https:\\\/\\\/www.gerle-communications.co.uk\\\/de\\\/2023\\\/09\\\/pacific-am-schwellenlaender-sind-seit-2006-nicht-mehr-in-einem-bullen-markt-gewesen\\\/\",\"url\":\"https:\\\/\\\/www.gerle-communications.co.uk\\\/de\\\/2023\\\/09\\\/pacific-am-schwellenlaender-sind-seit-2006-nicht-mehr-in-einem-bullen-markt-gewesen\\\/\",\"name\":\"Pacific Asset Management: \u201eSchwellenl\u00e4nder sind seit 2006 nicht mehr in einem Bullen-Markt gewesen\\\" - Gerle Financial Communications\",\"isPartOf\":{\"@id\":\"https:\\\/\\\/www.gerle-communications.co.uk\\\/de\\\/#website\"},\"primaryImageOfPage\":{\"@id\":\"https:\\\/\\\/www.gerle-communications.co.uk\\\/de\\\/2023\\\/09\\\/pacific-am-schwellenlaender-sind-seit-2006-nicht-mehr-in-einem-bullen-markt-gewesen\\\/#primaryimage\"},\"image\":{\"@id\":\"https:\\\/\\\/www.gerle-communications.co.uk\\\/de\\\/2023\\\/09\\\/pacific-am-schwellenlaender-sind-seit-2006-nicht-mehr-in-einem-bullen-markt-gewesen\\\/#primaryimage\"},\"thumbnailUrl\":\"https:\\\/\\\/www.gerle-communications.co.uk\\\/wp-content\\\/uploads\\\/2023\\\/09\\\/PAM_logo_RGB.jpg\",\"datePublished\":\"2023-09-26T12:13:22+00:00\",\"dateModified\":\"2025-08-01T16:49:12+00:00\",\"description\":\"\u201eDie Emerging Markets sind seit 2006 nicht mehr in einem Bullen-Markt gewesen\u201d, sagt Kamil Dimmich, Portfoliomanager bei der britischen Investmentboutique Pacific Asset Management. Der von Citywire mit einem \\\"AAA\\\" ausgezeichnete Fondsmanager sieht etliche Schwellenl\u00e4nder aufgrund ihrer \u201evielen unterschiedlichen Dynamiken\u201d und geringen Korrelationen untereinander trotzdem auf einem guten Weg.\",\"breadcrumb\":{\"@id\":\"https:\\\/\\\/www.gerle-communications.co.uk\\\/de\\\/2023\\\/09\\\/pacific-am-schwellenlaender-sind-seit-2006-nicht-mehr-in-einem-bullen-markt-gewesen\\\/#breadcrumb\"},\"inLanguage\":\"de\",\"potentialAction\":[{\"@type\":\"ReadAction\",\"target\":[\"https:\\\/\\\/www.gerle-communications.co.uk\\\/de\\\/2023\\\/09\\\/pacific-am-schwellenlaender-sind-seit-2006-nicht-mehr-in-einem-bullen-markt-gewesen\\\/\"]}]},{\"@type\":\"ImageObject\",\"inLanguage\":\"de\",\"@id\":\"https:\\\/\\\/www.gerle-communications.co.uk\\\/de\\\/2023\\\/09\\\/pacific-am-schwellenlaender-sind-seit-2006-nicht-mehr-in-einem-bullen-markt-gewesen\\\/#primaryimage\",\"url\":\"https:\\\/\\\/www.gerle-communications.co.uk\\\/wp-content\\\/uploads\\\/2023\\\/09\\\/PAM_logo_RGB.jpg\",\"contentUrl\":\"https:\\\/\\\/www.gerle-communications.co.uk\\\/wp-content\\\/uploads\\\/2023\\\/09\\\/PAM_logo_RGB.jpg\",\"width\":1181,\"height\":314},{\"@type\":\"BreadcrumbList\",\"@id\":\"https:\\\/\\\/www.gerle-communications.co.uk\\\/de\\\/2023\\\/09\\\/pacific-am-schwellenlaender-sind-seit-2006-nicht-mehr-in-einem-bullen-markt-gewesen\\\/#breadcrumb\",\"itemListElement\":[{\"@type\":\"ListItem\",\"position\":1,\"name\":\"Home\",\"item\":\"https:\\\/\\\/www.gerle-communications.co.uk\\\/de\\\/\"},{\"@type\":\"ListItem\",\"position\":2,\"name\":\"Pacific Asset Management: \u201eSchwellenl\u00e4nder sind seit 2006 nicht mehr in einem Bullen-Markt gewesen&#8221;\"}]},{\"@type\":\"WebSite\",\"@id\":\"https:\\\/\\\/www.gerle-communications.co.uk\\\/de\\\/#website\",\"url\":\"https:\\\/\\\/www.gerle-communications.co.uk\\\/de\\\/\",\"name\":\"Gerle Financial Communications\",\"description\":\"\",\"publisher\":{\"@id\":\"https:\\\/\\\/www.gerle-communications.co.uk\\\/de\\\/#organization\"},\"potentialAction\":[{\"@type\":\"SearchAction\",\"target\":{\"@type\":\"EntryPoint\",\"urlTemplate\":\"https:\\\/\\\/www.gerle-communications.co.uk\\\/de\\\/?s={search_term_string}\"},\"query-input\":{\"@type\":\"PropertyValueSpecification\",\"valueRequired\":true,\"valueName\":\"search_term_string\"}}],\"inLanguage\":\"de\"},{\"@type\":\"Organization\",\"@id\":\"https:\\\/\\\/www.gerle-communications.co.uk\\\/de\\\/#organization\",\"name\":\"Gerle Financial Communications\",\"url\":\"https:\\\/\\\/www.gerle-communications.co.uk\\\/de\\\/\",\"logo\":{\"@type\":\"ImageObject\",\"inLanguage\":\"de\",\"@id\":\"https:\\\/\\\/www.gerle-communications.co.uk\\\/de\\\/#\\\/schema\\\/logo\\\/image\\\/\",\"url\":\"https:\\\/\\\/www.gerle-communications.co.uk\\\/wp-content\\\/uploads\\\/2025\\\/07\\\/gerle_logo_financial_communications.png\",\"contentUrl\":\"https:\\\/\\\/www.gerle-communications.co.uk\\\/wp-content\\\/uploads\\\/2025\\\/07\\\/gerle_logo_financial_communications.png\",\"width\":300,\"height\":104,\"caption\":\"Gerle Financial Communications\"},\"image\":{\"@id\":\"https:\\\/\\\/www.gerle-communications.co.uk\\\/de\\\/#\\\/schema\\\/logo\\\/image\\\/\"},\"sameAs\":[\"https:\\\/\\\/www.linkedin.com\\\/in\\\/hagen-gerle-828538b4?lipi=urn:li:page:d_flagship3_profile_view_base_contact_details;4JKqkc0GRzOTmpyrZYE7eA==\"]},{\"@type\":\"Person\",\"@id\":\"https:\\\/\\\/www.gerle-communications.co.uk\\\/de\\\/#\\\/schema\\\/person\\\/f09cc11cf9702d5b6c1d8a780165d3d0\",\"name\":\"Hagen Gerle\",\"image\":{\"@type\":\"ImageObject\",\"inLanguage\":\"de\",\"@id\":\"https:\\\/\\\/www.gerle-communications.co.uk\\\/wp-content\\\/uploads\\\/2019\\\/09\\\/hagen-gerle-150x150.jpg\",\"url\":\"https:\\\/\\\/www.gerle-communications.co.uk\\\/wp-content\\\/uploads\\\/2019\\\/09\\\/hagen-gerle-150x150.jpg\",\"contentUrl\":\"https:\\\/\\\/www.gerle-communications.co.uk\\\/wp-content\\\/uploads\\\/2019\\\/09\\\/hagen-gerle-150x150.jpg\",\"caption\":\"Hagen Gerle\"},\"sameAs\":[\"https:\\\/\\\/www.gerle-communications.co.uk\\\/\"],\"url\":\"https:\\\/\\\/www.gerle-communications.co.uk\\\/de\\\/author\\\/lulworth2023\\\/\"}]}<\/script>\n<!-- \/ Yoast SEO plugin. -->","yoast_head_json":{"title":"Pacific Asset Management: \u201eSchwellenl\u00e4nder sind seit 2006 nicht mehr in einem Bullen-Markt gewesen\" - Gerle Financial Communications","description":"\u201eDie Emerging Markets sind seit 2006 nicht mehr in einem Bullen-Markt gewesen\u201d, sagt Kamil Dimmich, Portfoliomanager bei der britischen Investmentboutique Pacific Asset Management. Der von Citywire mit einem \"AAA\" ausgezeichnete Fondsmanager sieht etliche Schwellenl\u00e4nder aufgrund ihrer \u201evielen unterschiedlichen Dynamiken\u201d und geringen Korrelationen untereinander trotzdem auf einem guten Weg.","robots":{"index":"index","follow":"follow","max-snippet":"max-snippet:-1","max-image-preview":"max-image-preview:large","max-video-preview":"max-video-preview:-1"},"canonical":"https:\/\/www.gerle-communications.co.uk\/de\/2023\/09\/pacific-am-schwellenlaender-sind-seit-2006-nicht-mehr-in-einem-bullen-markt-gewesen\/","og_locale":"de_DE","og_type":"article","og_title":"Pacific Asset Management: \u201eSchwellenl\u00e4nder sind seit 2006 nicht mehr in einem Bullen-Markt gewesen\" - Gerle Financial Communications","og_description":"\u201eDie Emerging Markets sind seit 2006 nicht mehr in einem Bullen-Markt gewesen\u201d, sagt Kamil Dimmich, Portfoliomanager bei der britischen Investmentboutique Pacific Asset Management. Der von Citywire mit einem \"AAA\" ausgezeichnete Fondsmanager sieht etliche Schwellenl\u00e4nder aufgrund ihrer \u201evielen unterschiedlichen Dynamiken\u201d und geringen Korrelationen untereinander trotzdem auf einem guten Weg.","og_url":"https:\/\/www.gerle-communications.co.uk\/de\/2023\/09\/pacific-am-schwellenlaender-sind-seit-2006-nicht-mehr-in-einem-bullen-markt-gewesen\/","og_site_name":"Gerle Financial Communications","article_published_time":"2023-09-26T12:13:22+00:00","article_modified_time":"2025-08-01T16:49:12+00:00","og_image":[{"width":1181,"height":314,"url":"https:\/\/www.gerle-communications.co.uk\/wp-content\/uploads\/2023\/09\/PAM_logo_RGB.jpg","type":"image\/jpeg"}],"author":"Hagen Gerle","twitter_card":"summary_large_image","twitter_misc":{"Verfasst von":"Hagen Gerle","Gesch\u00e4tzte Lesezeit":"3\u00a0Minuten"},"schema":{"@context":"https:\/\/schema.org","@graph":[{"@type":"Article","@id":"https:\/\/www.gerle-communications.co.uk\/de\/2023\/09\/pacific-am-schwellenlaender-sind-seit-2006-nicht-mehr-in-einem-bullen-markt-gewesen\/#article","isPartOf":{"@id":"https:\/\/www.gerle-communications.co.uk\/de\/2023\/09\/pacific-am-schwellenlaender-sind-seit-2006-nicht-mehr-in-einem-bullen-markt-gewesen\/"},"author":{"name":"Hagen Gerle","@id":"https:\/\/www.gerle-communications.co.uk\/de\/#\/schema\/person\/f09cc11cf9702d5b6c1d8a780165d3d0"},"headline":"Pacific Asset Management: \u201eSchwellenl\u00e4nder sind seit 2006 nicht mehr in einem Bullen-Markt gewesen&#8220;","datePublished":"2023-09-26T12:13:22+00:00","dateModified":"2025-08-01T16:49:12+00:00","mainEntityOfPage":{"@id":"https:\/\/www.gerle-communications.co.uk\/de\/2023\/09\/pacific-am-schwellenlaender-sind-seit-2006-nicht-mehr-in-einem-bullen-markt-gewesen\/"},"wordCount":618,"publisher":{"@id":"https:\/\/www.gerle-communications.co.uk\/de\/#organization"},"image":{"@id":"https:\/\/www.gerle-communications.co.uk\/de\/2023\/09\/pacific-am-schwellenlaender-sind-seit-2006-nicht-mehr-in-einem-bullen-markt-gewesen\/#primaryimage"},"thumbnailUrl":"https:\/\/www.gerle-communications.co.uk\/wp-content\/uploads\/2023\/09\/PAM_logo_RGB.jpg","keywords":["Schwellenl\u00e4nder"],"articleSection":["Aktuelle Projekte"],"inLanguage":"de"},{"@type":"WebPage","@id":"https:\/\/www.gerle-communications.co.uk\/de\/2023\/09\/pacific-am-schwellenlaender-sind-seit-2006-nicht-mehr-in-einem-bullen-markt-gewesen\/","url":"https:\/\/www.gerle-communications.co.uk\/de\/2023\/09\/pacific-am-schwellenlaender-sind-seit-2006-nicht-mehr-in-einem-bullen-markt-gewesen\/","name":"Pacific Asset Management: \u201eSchwellenl\u00e4nder sind seit 2006 nicht mehr in einem Bullen-Markt gewesen\" - Gerle Financial Communications","isPartOf":{"@id":"https:\/\/www.gerle-communications.co.uk\/de\/#website"},"primaryImageOfPage":{"@id":"https:\/\/www.gerle-communications.co.uk\/de\/2023\/09\/pacific-am-schwellenlaender-sind-seit-2006-nicht-mehr-in-einem-bullen-markt-gewesen\/#primaryimage"},"image":{"@id":"https:\/\/www.gerle-communications.co.uk\/de\/2023\/09\/pacific-am-schwellenlaender-sind-seit-2006-nicht-mehr-in-einem-bullen-markt-gewesen\/#primaryimage"},"thumbnailUrl":"https:\/\/www.gerle-communications.co.uk\/wp-content\/uploads\/2023\/09\/PAM_logo_RGB.jpg","datePublished":"2023-09-26T12:13:22+00:00","dateModified":"2025-08-01T16:49:12+00:00","description":"\u201eDie Emerging Markets sind seit 2006 nicht mehr in einem Bullen-Markt gewesen\u201d, sagt Kamil Dimmich, Portfoliomanager bei der britischen Investmentboutique Pacific Asset Management. Der von Citywire mit einem \"AAA\" ausgezeichnete Fondsmanager sieht etliche Schwellenl\u00e4nder aufgrund ihrer \u201evielen unterschiedlichen Dynamiken\u201d und geringen Korrelationen untereinander trotzdem auf einem guten Weg.","breadcrumb":{"@id":"https:\/\/www.gerle-communications.co.uk\/de\/2023\/09\/pacific-am-schwellenlaender-sind-seit-2006-nicht-mehr-in-einem-bullen-markt-gewesen\/#breadcrumb"},"inLanguage":"de","potentialAction":[{"@type":"ReadAction","target":["https:\/\/www.gerle-communications.co.uk\/de\/2023\/09\/pacific-am-schwellenlaender-sind-seit-2006-nicht-mehr-in-einem-bullen-markt-gewesen\/"]}]},{"@type":"ImageObject","inLanguage":"de","@id":"https:\/\/www.gerle-communications.co.uk\/de\/2023\/09\/pacific-am-schwellenlaender-sind-seit-2006-nicht-mehr-in-einem-bullen-markt-gewesen\/#primaryimage","url":"https:\/\/www.gerle-communications.co.uk\/wp-content\/uploads\/2023\/09\/PAM_logo_RGB.jpg","contentUrl":"https:\/\/www.gerle-communications.co.uk\/wp-content\/uploads\/2023\/09\/PAM_logo_RGB.jpg","width":1181,"height":314},{"@type":"BreadcrumbList","@id":"https:\/\/www.gerle-communications.co.uk\/de\/2023\/09\/pacific-am-schwellenlaender-sind-seit-2006-nicht-mehr-in-einem-bullen-markt-gewesen\/#breadcrumb","itemListElement":[{"@type":"ListItem","position":1,"name":"Home","item":"https:\/\/www.gerle-communications.co.uk\/de\/"},{"@type":"ListItem","position":2,"name":"Pacific Asset Management: \u201eSchwellenl\u00e4nder sind seit 2006 nicht mehr in einem Bullen-Markt gewesen&#8221;"}]},{"@type":"WebSite","@id":"https:\/\/www.gerle-communications.co.uk\/de\/#website","url":"https:\/\/www.gerle-communications.co.uk\/de\/","name":"Gerle Financial Communications","description":"","publisher":{"@id":"https:\/\/www.gerle-communications.co.uk\/de\/#organization"},"potentialAction":[{"@type":"SearchAction","target":{"@type":"EntryPoint","urlTemplate":"https:\/\/www.gerle-communications.co.uk\/de\/?s={search_term_string}"},"query-input":{"@type":"PropertyValueSpecification","valueRequired":true,"valueName":"search_term_string"}}],"inLanguage":"de"},{"@type":"Organization","@id":"https:\/\/www.gerle-communications.co.uk\/de\/#organization","name":"Gerle Financial Communications","url":"https:\/\/www.gerle-communications.co.uk\/de\/","logo":{"@type":"ImageObject","inLanguage":"de","@id":"https:\/\/www.gerle-communications.co.uk\/de\/#\/schema\/logo\/image\/","url":"https:\/\/www.gerle-communications.co.uk\/wp-content\/uploads\/2025\/07\/gerle_logo_financial_communications.png","contentUrl":"https:\/\/www.gerle-communications.co.uk\/wp-content\/uploads\/2025\/07\/gerle_logo_financial_communications.png","width":300,"height":104,"caption":"Gerle Financial Communications"},"image":{"@id":"https:\/\/www.gerle-communications.co.uk\/de\/#\/schema\/logo\/image\/"},"sameAs":["https:\/\/www.linkedin.com\/in\/hagen-gerle-828538b4?lipi=urn:li:page:d_flagship3_profile_view_base_contact_details;4JKqkc0GRzOTmpyrZYE7eA=="]},{"@type":"Person","@id":"https:\/\/www.gerle-communications.co.uk\/de\/#\/schema\/person\/f09cc11cf9702d5b6c1d8a780165d3d0","name":"Hagen Gerle","image":{"@type":"ImageObject","inLanguage":"de","@id":"https:\/\/www.gerle-communications.co.uk\/wp-content\/uploads\/2019\/09\/hagen-gerle-150x150.jpg","url":"https:\/\/www.gerle-communications.co.uk\/wp-content\/uploads\/2019\/09\/hagen-gerle-150x150.jpg","contentUrl":"https:\/\/www.gerle-communications.co.uk\/wp-content\/uploads\/2019\/09\/hagen-gerle-150x150.jpg","caption":"Hagen Gerle"},"sameAs":["https:\/\/www.gerle-communications.co.uk\/"],"url":"https:\/\/www.gerle-communications.co.uk\/de\/author\/lulworth2023\/"}]}},"rttpg_featured_image_url":{"full":["https:\/\/www.gerle-communications.co.uk\/wp-content\/uploads\/2023\/09\/PAM_logo_RGB.jpg",1181,314,false],"landscape":["https:\/\/www.gerle-communications.co.uk\/wp-content\/uploads\/2023\/09\/PAM_logo_RGB.jpg",1181,314,false],"portraits":["https:\/\/www.gerle-communications.co.uk\/wp-content\/uploads\/2023\/09\/PAM_logo_RGB.jpg",1181,314,false],"thumbnail":["https:\/\/www.gerle-communications.co.uk\/wp-content\/uploads\/2023\/09\/PAM_logo_RGB-150x150.jpg",150,150,true],"medium":["https:\/\/www.gerle-communications.co.uk\/wp-content\/uploads\/2023\/09\/PAM_logo_RGB-300x80.jpg",300,80,true],"large":["https:\/\/www.gerle-communications.co.uk\/wp-content\/uploads\/2023\/09\/PAM_logo_RGB-1024x272.jpg",1024,272,true],"1536x1536":["https:\/\/www.gerle-communications.co.uk\/wp-content\/uploads\/2023\/09\/PAM_logo_RGB.jpg",1181,314,false],"2048x2048":["https:\/\/www.gerle-communications.co.uk\/wp-content\/uploads\/2023\/09\/PAM_logo_RGB.jpg",1181,314,false],"ocean-thumb-m":["https:\/\/www.gerle-communications.co.uk\/wp-content\/uploads\/2023\/09\/PAM_logo_RGB-600x314.jpg",600,314,true],"ocean-thumb-ml":["https:\/\/www.gerle-communications.co.uk\/wp-content\/uploads\/2023\/09\/PAM_logo_RGB-800x314.jpg",800,314,true],"ocean-thumb-l":["https:\/\/www.gerle-communications.co.uk\/wp-content\/uploads\/2023\/09\/PAM_logo_RGB.jpg",1181,314,false]},"rttpg_author":{"display_name":"Hagen Gerle","author_link":"https:\/\/www.gerle-communications.co.uk\/de\/author\/lulworth2023\/"},"rttpg_comment":0,"rttpg_category":"<a href=\"https:\/\/www.gerle-communications.co.uk\/de\/category\/aktuelle-projekte\/\" rel=\"category tag\">Aktuelle Projekte<\/a>","rttpg_excerpt":"Auch wenn das Interesse an den \u201eEmerging Markets\u201d (EM) \u2013 nicht zuletzt nach dem historischen BRICS-Gipfel in Johannesburg und der G20-Konferenz in Indien \u2013 derzeit wieder gro\u00df ist: Aktien aus Schwellen\u00e4ndern sind, zumindest was ihre Bewertungen anbelangt, noch weit von ihren H\u00f6chstst\u00e4nden entfernt. \u201eDie Emerging Markets sind seit 2006 nicht mehr in einem Bullen-Markt gewesen\u201d,&hellip;","_links":{"self":[{"href":"https:\/\/www.gerle-communications.co.uk\/de\/wp-json\/wp\/v2\/posts\/3022","targetHints":{"allow":["GET"]}}],"collection":[{"href":"https:\/\/www.gerle-communications.co.uk\/de\/wp-json\/wp\/v2\/posts"}],"about":[{"href":"https:\/\/www.gerle-communications.co.uk\/de\/wp-json\/wp\/v2\/types\/post"}],"author":[{"embeddable":true,"href":"https:\/\/www.gerle-communications.co.uk\/de\/wp-json\/wp\/v2\/users\/4"}],"replies":[{"embeddable":true,"href":"https:\/\/www.gerle-communications.co.uk\/de\/wp-json\/wp\/v2\/comments?post=3022"}],"version-history":[{"count":6,"href":"https:\/\/www.gerle-communications.co.uk\/de\/wp-json\/wp\/v2\/posts\/3022\/revisions"}],"predecessor-version":[{"id":3968,"href":"https:\/\/www.gerle-communications.co.uk\/de\/wp-json\/wp\/v2\/posts\/3022\/revisions\/3968"}],"wp:featuredmedia":[{"embeddable":true,"href":"https:\/\/www.gerle-communications.co.uk\/de\/wp-json\/wp\/v2\/media\/3023"}],"wp:attachment":[{"href":"https:\/\/www.gerle-communications.co.uk\/de\/wp-json\/wp\/v2\/media?parent=3022"}],"wp:term":[{"taxonomy":"category","embeddable":true,"href":"https:\/\/www.gerle-communications.co.uk\/de\/wp-json\/wp\/v2\/categories?post=3022"},{"taxonomy":"post_tag","embeddable":true,"href":"https:\/\/www.gerle-communications.co.uk\/de\/wp-json\/wp\/v2\/tags?post=3022"}],"curies":[{"name":"wp","href":"https:\/\/api.w.org\/{rel}","templated":true}]}}