{"id":2378,"date":"2020-05-22T10:08:20","date_gmt":"2020-05-22T10:08:20","guid":{"rendered":"https:\/\/www.gerle-communications.co.uk\/ocean\/2020\/05\/gfc-not-the-global-financial-crisis-podcast-episode-1-jetzt-live\/"},"modified":"2025-08-19T11:19:22","modified_gmt":"2025-08-19T11:19:22","slug":"gfc-not-the-global-financial-crisis-podcast-episode-1-jetzt-live","status":"publish","type":"post","link":"https:\/\/www.gerle-communications.co.uk\/de\/2020\/05\/gfc-not-the-global-financial-crisis-podcast-episode-1-jetzt-live\/","title":{"rendered":"&#8222;GFC (not the &#8218;Global Financial Crisis&#8216;) Podcast&#8220; Episode 1 jetzt live"},"content":{"rendered":"<p><strong>Einer der wenigen positiven Effekte der Coronavirus-Krise und des \u201eLockdowns\u201c<\/strong> f\u00fcr mich in den vergangenen Monaten war, dass ich mehr Zeit hatte, mich mit neuen Dingen zu besch\u00e4ftigen. Etwa damit, einen redaktionellen Podcast zu erstellen (und man soll ja nicht glauben, wieviel Arbeit in so einem Projekt steckt \u2013 selbst wenn man, wie ich, vor Urzeiten mal beim Radio gearbeitet hat)! Mein Podcast, der einmal pro Monat erscheinen soll, dreht sich um die Erfolge und die Anstrengungen speziell von ausl\u00e4ndischen Finanzdienstleistern auf dem deutschen Markt. Die erste Episode von \u201e<strong>GFC (not the \u201aGlobal Financial Crisis\u2018) Podcast<\/strong>\u201c ist nun fertig und kann auf Deezer und Spotify sowie auf dieser Website geh\u00f6rt werden.<\/p>\n<p>In der ersten Folge geht\u2019s um das Coronavirus und die Folgen f\u00fcr die Finanzbranche &#8211; zuerst in einem Interview mit Andy Rothman von Matthews Asia \u00fcber China, das aus dem Lockdown herauskommt, und danach in einem Gespr\u00e4ch mit Norman Wirth, Vorstand des Bundesverbandes Finanzdienstleistung AfW, \u00fcber die Auswirkungen von COVID-19 f\u00fcr Finanzmakler und ihre Kunden (Original-Interview mit Norman Wirth als <a href=\"https:\/\/www.gerle-communications.co.uk\/wp-content\/uploads\/2020\/09\/GFC-Podcast-Interview-mit-Norman-Wirth_AfW-27-04-2020.pdf\" target=\"_blank\" rel=\"noopener noreferrer\">PDF<\/a>).<\/p>\n<p><script class=\"podigee-podcast-player\" src=\"https:\/\/cdn.podigee.com\/podcast-player\/javascripts\/podigee-podcast-player.js\" data-configuration=\"https:\/\/podcast4c21bf.podigee.io\/2-neue-episode\/embed?context=external\"><\/script><\/p>\n<p>&nbsp;<\/p>\n","protected":false},"excerpt":{"rendered":"<p>Einer der wenigen positiven Effekte der Coronavirus-Krise und des \u201eLockdowns\u201c f\u00fcr mich in den vergangenen Monaten war, dass ich mehr Zeit hatte, mich mit neuen Dingen zu besch\u00e4ftigen. Etwa damit, einen redaktionellen Podcast zu erstellen (und man soll ja nicht glauben, wieviel Arbeit in so einem Projekt steckt \u2013 selbst wenn man, wie ich, vor [&hellip;]<\/p>\n","protected":false},"author":2,"featured_media":2500,"comment_status":"closed","ping_status":"closed","sticky":false,"template":"","format":"standard","meta":{"ocean_post_layout":"","ocean_both_sidebars_style":"","ocean_both_sidebars_content_width":0,"ocean_both_sidebars_sidebars_width":0,"ocean_sidebar":"0","ocean_second_sidebar":"0","ocean_disable_margins":"enable","ocean_add_body_class":"","ocean_shortcode_before_top_bar":"","ocean_shortcode_after_top_bar":"","ocean_shortcode_before_header":"","ocean_shortcode_after_header":"","ocean_has_shortcode":"","ocean_shortcode_after_title":"","ocean_shortcode_before_footer_widgets":"","ocean_shortcode_after_footer_widgets":"","ocean_shortcode_before_footer_bottom":"","ocean_shortcode_after_footer_bottom":"","ocean_display_top_bar":"default","ocean_display_header":"default","ocean_header_style":"minimal","ocean_center_header_left_menu":"0","ocean_custom_header_template":"0","ocean_custom_logo":0,"ocean_custom_retina_logo":0,"ocean_custom_logo_max_width":0,"ocean_custom_logo_tablet_max_width":0,"ocean_custom_logo_mobile_max_width":0,"ocean_custom_logo_max_height":0,"ocean_custom_logo_tablet_max_height":0,"ocean_custom_logo_mobile_max_height":0,"ocean_header_custom_menu":"0","ocean_menu_typo_font_family":"0","ocean_menu_typo_font_subset":"","ocean_menu_typo_font_size":0,"ocean_menu_typo_font_size_tablet":0,"ocean_menu_typo_font_size_mobile":0,"ocean_menu_typo_font_size_unit":"px","ocean_menu_typo_font_weight":"","ocean_menu_typo_font_weight_tablet":"","ocean_menu_typo_font_weight_mobile":"","ocean_menu_typo_transform":"","ocean_menu_typo_transform_tablet":"","ocean_menu_typo_transform_mobile":"","ocean_menu_typo_line_height":0,"ocean_menu_typo_line_height_tablet":0,"ocean_menu_typo_line_height_mobile":0,"ocean_menu_typo_line_height_unit":"","ocean_menu_typo_spacing":0,"ocean_menu_typo_spacing_tablet":0,"ocean_menu_typo_spacing_mobile":0,"ocean_menu_typo_spacing_unit":"","ocean_menu_link_color":"","ocean_menu_link_color_hover":"","ocean_menu_link_color_active":"","ocean_menu_link_background":"","ocean_menu_link_hover_background":"","ocean_menu_link_active_background":"","ocean_menu_social_links_bg":"","ocean_menu_social_hover_links_bg":"","ocean_menu_social_links_color":"","ocean_menu_social_hover_links_color":"","ocean_disable_title":"on","ocean_disable_heading":"default","ocean_post_title":"","ocean_post_subheading":"","ocean_post_title_style":"","ocean_post_title_background_color":"","ocean_post_title_background":0,"ocean_post_title_bg_image_position":"","ocean_post_title_bg_image_attachment":"","ocean_post_title_bg_image_repeat":"","ocean_post_title_bg_image_size":"","ocean_post_title_height":0,"ocean_post_title_bg_overlay":0.5,"ocean_post_title_bg_overlay_color":"","ocean_disable_breadcrumbs":"default","ocean_breadcrumbs_color":"","ocean_breadcrumbs_separator_color":"","ocean_breadcrumbs_links_color":"","ocean_breadcrumbs_links_hover_color":"","ocean_display_footer_widgets":"default","ocean_display_footer_bottom":"default","ocean_custom_footer_template":"0","_pvb_checkbox_block_on_post":false,"ocean_post_oembed":"","ocean_post_self_hosted_media":"","ocean_post_video_embed":"","ocean_link_format":"","ocean_link_format_target":"self","ocean_quote_format":"","ocean_quote_format_link":"post","ocean_gallery_link_images":"on","ocean_gallery_id":[],"footnotes":""},"categories":[93],"tags":[102,103,89],"class_list":["post-2378","post","type-post","status-publish","format-standard","has-post-thumbnail","hentry","category-allgemein","tag-china","tag-covid-19-de","tag-lebensversicherung","entry","has-media"],"yoast_head":"<!-- This site is optimized with the Yoast SEO plugin v27.5 - https:\/\/yoast.com\/product\/yoast-seo-wordpress\/ -->\n<title>&quot;GFC (not the &#039;Global Financial Crisis&#039;) Podcast&quot; Episode 1 jetzt live - Gerle Financial Communications<\/title>\n<meta name=\"description\" content=\"Der \u201eGFC (not the \u201aGlobal Financial Crisis\u2018) Podcast\u201c ist ein neuer Podcast, der sich haupts\u00e4chlich um ausl\u00e4ndische Fondsgesellschaften in Deutschland dreht. Der Podcast, der \u00fcberwiegend auf Deutsch ist, kann \u00fcber Deezer and Spotify heruntergeladen werden.\" \/>\n<meta name=\"robots\" content=\"index, follow, max-snippet:-1, max-image-preview:large, max-video-preview:-1\" \/>\n<link rel=\"canonical\" href=\"https:\/\/www.gerle-communications.co.uk\/de\/2020\/05\/gfc-not-the-global-financial-crisis-podcast-episode-1-jetzt-live\/\" \/>\n<meta property=\"og:locale\" content=\"de_DE\" \/>\n<meta property=\"og:type\" content=\"article\" \/>\n<meta property=\"og:title\" content=\"&quot;GFC (not the &#039;Global Financial Crisis&#039;) Podcast&quot; Episode 1 jetzt live - Gerle Financial Communications\" \/>\n<meta property=\"og:description\" content=\"Der \u201eGFC (not the \u201aGlobal Financial Crisis\u2018) Podcast\u201c ist ein neuer Podcast, der sich haupts\u00e4chlich um ausl\u00e4ndische Fondsgesellschaften in Deutschland dreht. Der Podcast, der \u00fcberwiegend auf Deutsch ist, kann \u00fcber Deezer and Spotify heruntergeladen werden.\" \/>\n<meta property=\"og:url\" content=\"https:\/\/www.gerle-communications.co.uk\/de\/2020\/05\/gfc-not-the-global-financial-crisis-podcast-episode-1-jetzt-live\/\" \/>\n<meta property=\"og:site_name\" content=\"Gerle Financial Communications\" \/>\n<meta property=\"article:published_time\" content=\"2020-05-22T10:08:20+00:00\" \/>\n<meta property=\"article:modified_time\" content=\"2025-08-19T11:19:22+00:00\" \/>\n<meta property=\"og:image\" content=\"https:\/\/www.gerle-communications.co.uk\/wp-content\/uploads\/2020\/05\/20026-Gerle-Financial-Communications-Podcast-Backdrop-e1650123734464.png\" \/>\n\t<meta property=\"og:image:width\" content=\"540\" \/>\n\t<meta property=\"og:image:height\" content=\"540\" \/>\n\t<meta property=\"og:image:type\" content=\"image\/png\" \/>\n<meta name=\"author\" content=\"Hagen Gerle\" \/>\n<meta name=\"twitter:card\" content=\"summary_large_image\" \/>\n<meta name=\"twitter:label1\" content=\"Verfasst von\" \/>\n\t<meta name=\"twitter:data1\" content=\"Hagen Gerle\" \/>\n\t<meta name=\"twitter:label2\" content=\"Gesch\u00e4tzte Lesezeit\" \/>\n\t<meta name=\"twitter:data2\" content=\"1\u00a0Minute\" \/>\n<script type=\"application\/ld+json\" class=\"yoast-schema-graph\">{\"@context\":\"https:\\\/\\\/schema.org\",\"@graph\":[{\"@type\":\"Article\",\"@id\":\"https:\\\/\\\/www.gerle-communications.co.uk\\\/de\\\/2020\\\/05\\\/gfc-not-the-global-financial-crisis-podcast-episode-1-jetzt-live\\\/#article\",\"isPartOf\":{\"@id\":\"https:\\\/\\\/www.gerle-communications.co.uk\\\/de\\\/2020\\\/05\\\/gfc-not-the-global-financial-crisis-podcast-episode-1-jetzt-live\\\/\"},\"author\":{\"name\":\"Hagen Gerle\",\"@id\":\"https:\\\/\\\/www.gerle-communications.co.uk\\\/de\\\/#\\\/schema\\\/person\\\/d558351a5e0d83f99b5e49711683f756\"},\"headline\":\"&#8222;GFC (not the &#8218;Global Financial Crisis&#8216;) Podcast&#8220; Episode 1 jetzt live\",\"datePublished\":\"2020-05-22T10:08:20+00:00\",\"dateModified\":\"2025-08-19T11:19:22+00:00\",\"mainEntityOfPage\":{\"@id\":\"https:\\\/\\\/www.gerle-communications.co.uk\\\/de\\\/2020\\\/05\\\/gfc-not-the-global-financial-crisis-podcast-episode-1-jetzt-live\\\/\"},\"wordCount\":190,\"publisher\":{\"@id\":\"https:\\\/\\\/www.gerle-communications.co.uk\\\/de\\\/#organization\"},\"image\":{\"@id\":\"https:\\\/\\\/www.gerle-communications.co.uk\\\/de\\\/2020\\\/05\\\/gfc-not-the-global-financial-crisis-podcast-episode-1-jetzt-live\\\/#primaryimage\"},\"thumbnailUrl\":\"https:\\\/\\\/www.gerle-communications.co.uk\\\/wp-content\\\/uploads\\\/2020\\\/05\\\/20026-Gerle-Financial-Communications-Podcast-Backdrop-e1650123734464.png\",\"keywords\":[\"China (DE)\",\"Covid-19 (DE)\",\"Lebensversicherung\"],\"inLanguage\":\"de\"},{\"@type\":\"WebPage\",\"@id\":\"https:\\\/\\\/www.gerle-communications.co.uk\\\/de\\\/2020\\\/05\\\/gfc-not-the-global-financial-crisis-podcast-episode-1-jetzt-live\\\/\",\"url\":\"https:\\\/\\\/www.gerle-communications.co.uk\\\/de\\\/2020\\\/05\\\/gfc-not-the-global-financial-crisis-podcast-episode-1-jetzt-live\\\/\",\"name\":\"\\\"GFC (not the 'Global Financial Crisis') Podcast\\\" Episode 1 jetzt live - Gerle Financial Communications\",\"isPartOf\":{\"@id\":\"https:\\\/\\\/www.gerle-communications.co.uk\\\/de\\\/#website\"},\"primaryImageOfPage\":{\"@id\":\"https:\\\/\\\/www.gerle-communications.co.uk\\\/de\\\/2020\\\/05\\\/gfc-not-the-global-financial-crisis-podcast-episode-1-jetzt-live\\\/#primaryimage\"},\"image\":{\"@id\":\"https:\\\/\\\/www.gerle-communications.co.uk\\\/de\\\/2020\\\/05\\\/gfc-not-the-global-financial-crisis-podcast-episode-1-jetzt-live\\\/#primaryimage\"},\"thumbnailUrl\":\"https:\\\/\\\/www.gerle-communications.co.uk\\\/wp-content\\\/uploads\\\/2020\\\/05\\\/20026-Gerle-Financial-Communications-Podcast-Backdrop-e1650123734464.png\",\"datePublished\":\"2020-05-22T10:08:20+00:00\",\"dateModified\":\"2025-08-19T11:19:22+00:00\",\"description\":\"Der \u201eGFC (not the \u201aGlobal Financial Crisis\u2018) Podcast\u201c ist ein neuer Podcast, der sich haupts\u00e4chlich um ausl\u00e4ndische Fondsgesellschaften in Deutschland dreht. Der Podcast, der \u00fcberwiegend auf Deutsch ist, kann \u00fcber Deezer and Spotify heruntergeladen werden.\",\"breadcrumb\":{\"@id\":\"https:\\\/\\\/www.gerle-communications.co.uk\\\/de\\\/2020\\\/05\\\/gfc-not-the-global-financial-crisis-podcast-episode-1-jetzt-live\\\/#breadcrumb\"},\"inLanguage\":\"de\",\"potentialAction\":[{\"@type\":\"ReadAction\",\"target\":[\"https:\\\/\\\/www.gerle-communications.co.uk\\\/de\\\/2020\\\/05\\\/gfc-not-the-global-financial-crisis-podcast-episode-1-jetzt-live\\\/\"]}]},{\"@type\":\"ImageObject\",\"inLanguage\":\"de\",\"@id\":\"https:\\\/\\\/www.gerle-communications.co.uk\\\/de\\\/2020\\\/05\\\/gfc-not-the-global-financial-crisis-podcast-episode-1-jetzt-live\\\/#primaryimage\",\"url\":\"https:\\\/\\\/www.gerle-communications.co.uk\\\/wp-content\\\/uploads\\\/2020\\\/05\\\/20026-Gerle-Financial-Communications-Podcast-Backdrop-e1650123734464.png\",\"contentUrl\":\"https:\\\/\\\/www.gerle-communications.co.uk\\\/wp-content\\\/uploads\\\/2020\\\/05\\\/20026-Gerle-Financial-Communications-Podcast-Backdrop-e1650123734464.png\",\"width\":540,\"height\":540},{\"@type\":\"BreadcrumbList\",\"@id\":\"https:\\\/\\\/www.gerle-communications.co.uk\\\/de\\\/2020\\\/05\\\/gfc-not-the-global-financial-crisis-podcast-episode-1-jetzt-live\\\/#breadcrumb\",\"itemListElement\":[{\"@type\":\"ListItem\",\"position\":1,\"name\":\"Home\",\"item\":\"https:\\\/\\\/www.gerle-communications.co.uk\\\/de\\\/\"},{\"@type\":\"ListItem\",\"position\":2,\"name\":\"&#8220;GFC (not the &#8216;Global Financial Crisis&#8217;) Podcast&#8221; Episode 1 jetzt live\"}]},{\"@type\":\"WebSite\",\"@id\":\"https:\\\/\\\/www.gerle-communications.co.uk\\\/de\\\/#website\",\"url\":\"https:\\\/\\\/www.gerle-communications.co.uk\\\/de\\\/\",\"name\":\"Gerle Financial Communications\",\"description\":\"\",\"publisher\":{\"@id\":\"https:\\\/\\\/www.gerle-communications.co.uk\\\/de\\\/#organization\"},\"potentialAction\":[{\"@type\":\"SearchAction\",\"target\":{\"@type\":\"EntryPoint\",\"urlTemplate\":\"https:\\\/\\\/www.gerle-communications.co.uk\\\/de\\\/?s={search_term_string}\"},\"query-input\":{\"@type\":\"PropertyValueSpecification\",\"valueRequired\":true,\"valueName\":\"search_term_string\"}}],\"inLanguage\":\"de\"},{\"@type\":\"Organization\",\"@id\":\"https:\\\/\\\/www.gerle-communications.co.uk\\\/de\\\/#organization\",\"name\":\"Gerle Financial Communications\",\"url\":\"https:\\\/\\\/www.gerle-communications.co.uk\\\/de\\\/\",\"logo\":{\"@type\":\"ImageObject\",\"inLanguage\":\"de\",\"@id\":\"https:\\\/\\\/www.gerle-communications.co.uk\\\/de\\\/#\\\/schema\\\/logo\\\/image\\\/\",\"url\":\"https:\\\/\\\/www.gerle-communications.co.uk\\\/wp-content\\\/uploads\\\/2025\\\/07\\\/gerle_logo_financial_communications.png\",\"contentUrl\":\"https:\\\/\\\/www.gerle-communications.co.uk\\\/wp-content\\\/uploads\\\/2025\\\/07\\\/gerle_logo_financial_communications.png\",\"width\":300,\"height\":104,\"caption\":\"Gerle Financial Communications\"},\"image\":{\"@id\":\"https:\\\/\\\/www.gerle-communications.co.uk\\\/de\\\/#\\\/schema\\\/logo\\\/image\\\/\"},\"sameAs\":[\"https:\\\/\\\/www.linkedin.com\\\/in\\\/hagen-gerle-828538b4?lipi=urn:li:page:d_flagship3_profile_view_base_contact_details;4JKqkc0GRzOTmpyrZYE7eA==\"]},{\"@type\":\"Person\",\"@id\":\"https:\\\/\\\/www.gerle-communications.co.uk\\\/de\\\/#\\\/schema\\\/person\\\/d558351a5e0d83f99b5e49711683f756\",\"name\":\"Hagen Gerle\",\"image\":{\"@type\":\"ImageObject\",\"inLanguage\":\"de\",\"@id\":\"https:\\\/\\\/secure.gravatar.com\\\/avatar\\\/3053b2cde0e2afbc14acdea15b7d64c8c6828fe99c9f8f369de809c3e4723037?s=96&d=mm&r=g\",\"url\":\"https:\\\/\\\/secure.gravatar.com\\\/avatar\\\/3053b2cde0e2afbc14acdea15b7d64c8c6828fe99c9f8f369de809c3e4723037?s=96&d=mm&r=g\",\"contentUrl\":\"https:\\\/\\\/secure.gravatar.com\\\/avatar\\\/3053b2cde0e2afbc14acdea15b7d64c8c6828fe99c9f8f369de809c3e4723037?s=96&d=mm&r=g\",\"caption\":\"Hagen Gerle\"},\"description\":\"Hagen Gerle is a specialist in public relations for companies working in the financial services industry.\",\"sameAs\":[\"https:\\\/\\\/www.gerle-communications.co.uk\\\/ocean\\\/\"],\"url\":\"https:\\\/\\\/www.gerle-communications.co.uk\\\/de\\\/author\\\/hagen-gerle\\\/\"}]}<\/script>\n<!-- \/ Yoast SEO plugin. -->","yoast_head_json":{"title":"\"GFC (not the 'Global Financial Crisis') Podcast\" Episode 1 jetzt live - Gerle Financial Communications","description":"Der \u201eGFC (not the \u201aGlobal Financial Crisis\u2018) Podcast\u201c ist ein neuer Podcast, der sich haupts\u00e4chlich um ausl\u00e4ndische Fondsgesellschaften in Deutschland dreht. Der Podcast, der \u00fcberwiegend auf Deutsch ist, kann \u00fcber Deezer and Spotify heruntergeladen werden.","robots":{"index":"index","follow":"follow","max-snippet":"max-snippet:-1","max-image-preview":"max-image-preview:large","max-video-preview":"max-video-preview:-1"},"canonical":"https:\/\/www.gerle-communications.co.uk\/de\/2020\/05\/gfc-not-the-global-financial-crisis-podcast-episode-1-jetzt-live\/","og_locale":"de_DE","og_type":"article","og_title":"\"GFC (not the 'Global Financial Crisis') Podcast\" Episode 1 jetzt live - Gerle Financial Communications","og_description":"Der \u201eGFC (not the \u201aGlobal Financial Crisis\u2018) Podcast\u201c ist ein neuer Podcast, der sich haupts\u00e4chlich um ausl\u00e4ndische Fondsgesellschaften in Deutschland dreht. Der Podcast, der \u00fcberwiegend auf Deutsch ist, kann \u00fcber Deezer and Spotify heruntergeladen werden.","og_url":"https:\/\/www.gerle-communications.co.uk\/de\/2020\/05\/gfc-not-the-global-financial-crisis-podcast-episode-1-jetzt-live\/","og_site_name":"Gerle Financial Communications","article_published_time":"2020-05-22T10:08:20+00:00","article_modified_time":"2025-08-19T11:19:22+00:00","og_image":[{"width":540,"height":540,"url":"https:\/\/www.gerle-communications.co.uk\/wp-content\/uploads\/2020\/05\/20026-Gerle-Financial-Communications-Podcast-Backdrop-e1650123734464.png","type":"image\/png"}],"author":"Hagen Gerle","twitter_card":"summary_large_image","twitter_misc":{"Verfasst von":"Hagen Gerle","Gesch\u00e4tzte Lesezeit":"1\u00a0Minute"},"schema":{"@context":"https:\/\/schema.org","@graph":[{"@type":"Article","@id":"https:\/\/www.gerle-communications.co.uk\/de\/2020\/05\/gfc-not-the-global-financial-crisis-podcast-episode-1-jetzt-live\/#article","isPartOf":{"@id":"https:\/\/www.gerle-communications.co.uk\/de\/2020\/05\/gfc-not-the-global-financial-crisis-podcast-episode-1-jetzt-live\/"},"author":{"name":"Hagen Gerle","@id":"https:\/\/www.gerle-communications.co.uk\/de\/#\/schema\/person\/d558351a5e0d83f99b5e49711683f756"},"headline":"&#8222;GFC (not the &#8218;Global Financial Crisis&#8216;) Podcast&#8220; Episode 1 jetzt live","datePublished":"2020-05-22T10:08:20+00:00","dateModified":"2025-08-19T11:19:22+00:00","mainEntityOfPage":{"@id":"https:\/\/www.gerle-communications.co.uk\/de\/2020\/05\/gfc-not-the-global-financial-crisis-podcast-episode-1-jetzt-live\/"},"wordCount":190,"publisher":{"@id":"https:\/\/www.gerle-communications.co.uk\/de\/#organization"},"image":{"@id":"https:\/\/www.gerle-communications.co.uk\/de\/2020\/05\/gfc-not-the-global-financial-crisis-podcast-episode-1-jetzt-live\/#primaryimage"},"thumbnailUrl":"https:\/\/www.gerle-communications.co.uk\/wp-content\/uploads\/2020\/05\/20026-Gerle-Financial-Communications-Podcast-Backdrop-e1650123734464.png","keywords":["China (DE)","Covid-19 (DE)","Lebensversicherung"],"inLanguage":"de"},{"@type":"WebPage","@id":"https:\/\/www.gerle-communications.co.uk\/de\/2020\/05\/gfc-not-the-global-financial-crisis-podcast-episode-1-jetzt-live\/","url":"https:\/\/www.gerle-communications.co.uk\/de\/2020\/05\/gfc-not-the-global-financial-crisis-podcast-episode-1-jetzt-live\/","name":"\"GFC (not the 'Global Financial Crisis') Podcast\" Episode 1 jetzt live - Gerle Financial Communications","isPartOf":{"@id":"https:\/\/www.gerle-communications.co.uk\/de\/#website"},"primaryImageOfPage":{"@id":"https:\/\/www.gerle-communications.co.uk\/de\/2020\/05\/gfc-not-the-global-financial-crisis-podcast-episode-1-jetzt-live\/#primaryimage"},"image":{"@id":"https:\/\/www.gerle-communications.co.uk\/de\/2020\/05\/gfc-not-the-global-financial-crisis-podcast-episode-1-jetzt-live\/#primaryimage"},"thumbnailUrl":"https:\/\/www.gerle-communications.co.uk\/wp-content\/uploads\/2020\/05\/20026-Gerle-Financial-Communications-Podcast-Backdrop-e1650123734464.png","datePublished":"2020-05-22T10:08:20+00:00","dateModified":"2025-08-19T11:19:22+00:00","description":"Der \u201eGFC (not the \u201aGlobal Financial Crisis\u2018) Podcast\u201c ist ein neuer Podcast, der sich haupts\u00e4chlich um ausl\u00e4ndische Fondsgesellschaften in Deutschland dreht. Der Podcast, der \u00fcberwiegend auf Deutsch ist, kann \u00fcber Deezer and Spotify heruntergeladen werden.","breadcrumb":{"@id":"https:\/\/www.gerle-communications.co.uk\/de\/2020\/05\/gfc-not-the-global-financial-crisis-podcast-episode-1-jetzt-live\/#breadcrumb"},"inLanguage":"de","potentialAction":[{"@type":"ReadAction","target":["https:\/\/www.gerle-communications.co.uk\/de\/2020\/05\/gfc-not-the-global-financial-crisis-podcast-episode-1-jetzt-live\/"]}]},{"@type":"ImageObject","inLanguage":"de","@id":"https:\/\/www.gerle-communications.co.uk\/de\/2020\/05\/gfc-not-the-global-financial-crisis-podcast-episode-1-jetzt-live\/#primaryimage","url":"https:\/\/www.gerle-communications.co.uk\/wp-content\/uploads\/2020\/05\/20026-Gerle-Financial-Communications-Podcast-Backdrop-e1650123734464.png","contentUrl":"https:\/\/www.gerle-communications.co.uk\/wp-content\/uploads\/2020\/05\/20026-Gerle-Financial-Communications-Podcast-Backdrop-e1650123734464.png","width":540,"height":540},{"@type":"BreadcrumbList","@id":"https:\/\/www.gerle-communications.co.uk\/de\/2020\/05\/gfc-not-the-global-financial-crisis-podcast-episode-1-jetzt-live\/#breadcrumb","itemListElement":[{"@type":"ListItem","position":1,"name":"Home","item":"https:\/\/www.gerle-communications.co.uk\/de\/"},{"@type":"ListItem","position":2,"name":"&#8220;GFC (not the &#8216;Global Financial Crisis&#8217;) Podcast&#8221; Episode 1 jetzt live"}]},{"@type":"WebSite","@id":"https:\/\/www.gerle-communications.co.uk\/de\/#website","url":"https:\/\/www.gerle-communications.co.uk\/de\/","name":"Gerle Financial Communications","description":"","publisher":{"@id":"https:\/\/www.gerle-communications.co.uk\/de\/#organization"},"potentialAction":[{"@type":"SearchAction","target":{"@type":"EntryPoint","urlTemplate":"https:\/\/www.gerle-communications.co.uk\/de\/?s={search_term_string}"},"query-input":{"@type":"PropertyValueSpecification","valueRequired":true,"valueName":"search_term_string"}}],"inLanguage":"de"},{"@type":"Organization","@id":"https:\/\/www.gerle-communications.co.uk\/de\/#organization","name":"Gerle Financial Communications","url":"https:\/\/www.gerle-communications.co.uk\/de\/","logo":{"@type":"ImageObject","inLanguage":"de","@id":"https:\/\/www.gerle-communications.co.uk\/de\/#\/schema\/logo\/image\/","url":"https:\/\/www.gerle-communications.co.uk\/wp-content\/uploads\/2025\/07\/gerle_logo_financial_communications.png","contentUrl":"https:\/\/www.gerle-communications.co.uk\/wp-content\/uploads\/2025\/07\/gerle_logo_financial_communications.png","width":300,"height":104,"caption":"Gerle Financial Communications"},"image":{"@id":"https:\/\/www.gerle-communications.co.uk\/de\/#\/schema\/logo\/image\/"},"sameAs":["https:\/\/www.linkedin.com\/in\/hagen-gerle-828538b4?lipi=urn:li:page:d_flagship3_profile_view_base_contact_details;4JKqkc0GRzOTmpyrZYE7eA=="]},{"@type":"Person","@id":"https:\/\/www.gerle-communications.co.uk\/de\/#\/schema\/person\/d558351a5e0d83f99b5e49711683f756","name":"Hagen Gerle","image":{"@type":"ImageObject","inLanguage":"de","@id":"https:\/\/secure.gravatar.com\/avatar\/3053b2cde0e2afbc14acdea15b7d64c8c6828fe99c9f8f369de809c3e4723037?s=96&d=mm&r=g","url":"https:\/\/secure.gravatar.com\/avatar\/3053b2cde0e2afbc14acdea15b7d64c8c6828fe99c9f8f369de809c3e4723037?s=96&d=mm&r=g","contentUrl":"https:\/\/secure.gravatar.com\/avatar\/3053b2cde0e2afbc14acdea15b7d64c8c6828fe99c9f8f369de809c3e4723037?s=96&d=mm&r=g","caption":"Hagen Gerle"},"description":"Hagen Gerle is a specialist in public relations for companies working in the financial services industry.","sameAs":["https:\/\/www.gerle-communications.co.uk\/ocean\/"],"url":"https:\/\/www.gerle-communications.co.uk\/de\/author\/hagen-gerle\/"}]}},"rttpg_featured_image_url":{"full":["https:\/\/www.gerle-communications.co.uk\/wp-content\/uploads\/2020\/05\/20026-Gerle-Financial-Communications-Podcast-Backdrop-e1650123734464.png",540,540,false],"landscape":["https:\/\/www.gerle-communications.co.uk\/wp-content\/uploads\/2020\/05\/20026-Gerle-Financial-Communications-Podcast-Backdrop-e1650123734464.png",540,540,false],"portraits":["https:\/\/www.gerle-communications.co.uk\/wp-content\/uploads\/2020\/05\/20026-Gerle-Financial-Communications-Podcast-Backdrop-e1650123734464.png",540,540,false],"thumbnail":["https:\/\/www.gerle-communications.co.uk\/wp-content\/uploads\/2020\/05\/20026-Gerle-Financial-Communications-Podcast-Backdrop-150x150.png",150,150,true],"medium":["https:\/\/www.gerle-communications.co.uk\/wp-content\/uploads\/2020\/05\/20026-Gerle-Financial-Communications-Podcast-Backdrop-300x300.png",300,300,true],"large":["https:\/\/www.gerle-communications.co.uk\/wp-content\/uploads\/2020\/05\/20026-Gerle-Financial-Communications-Podcast-Backdrop-1024x1024.png",1024,1024,true],"1536x1536":["https:\/\/www.gerle-communications.co.uk\/wp-content\/uploads\/2020\/05\/20026-Gerle-Financial-Communications-Podcast-Backdrop-1536x1536.png",1536,1536,true],"2048x2048":["https:\/\/www.gerle-communications.co.uk\/wp-content\/uploads\/2020\/05\/20026-Gerle-Financial-Communications-Podcast-Backdrop-2048x2048.png",2048,2048,true],"ocean-thumb-m":["https:\/\/www.gerle-communications.co.uk\/wp-content\/uploads\/2020\/05\/20026-Gerle-Financial-Communications-Podcast-Backdrop-e1650123734464.png",540,540,false],"ocean-thumb-ml":["https:\/\/www.gerle-communications.co.uk\/wp-content\/uploads\/2020\/05\/20026-Gerle-Financial-Communications-Podcast-Backdrop-e1650123734464.png",450,450,false],"ocean-thumb-l":["https:\/\/www.gerle-communications.co.uk\/wp-content\/uploads\/2020\/05\/20026-Gerle-Financial-Communications-Podcast-Backdrop-e1650123734464.png",540,540,false]},"rttpg_author":{"display_name":"Hagen Gerle","author_link":"https:\/\/www.gerle-communications.co.uk\/de\/author\/hagen-gerle\/"},"rttpg_comment":0,"rttpg_category":"<a href=\"https:\/\/www.gerle-communications.co.uk\/de\/category\/allgemein\/\" rel=\"category tag\">Allgemein<\/a>","rttpg_excerpt":"Einer der wenigen positiven Effekte der Coronavirus-Krise und des \u201eLockdowns\u201c f\u00fcr mich in den vergangenen Monaten war, dass ich mehr Zeit hatte, mich mit neuen Dingen zu besch\u00e4ftigen. Etwa damit, einen redaktionellen Podcast zu erstellen (und man soll ja nicht glauben, wieviel Arbeit in so einem Projekt steckt \u2013 selbst wenn man, wie ich, vor&hellip;","_links":{"self":[{"href":"https:\/\/www.gerle-communications.co.uk\/de\/wp-json\/wp\/v2\/posts\/2378","targetHints":{"allow":["GET"]}}],"collection":[{"href":"https:\/\/www.gerle-communications.co.uk\/de\/wp-json\/wp\/v2\/posts"}],"about":[{"href":"https:\/\/www.gerle-communications.co.uk\/de\/wp-json\/wp\/v2\/types\/post"}],"author":[{"embeddable":true,"href":"https:\/\/www.gerle-communications.co.uk\/de\/wp-json\/wp\/v2\/users\/2"}],"replies":[{"embeddable":true,"href":"https:\/\/www.gerle-communications.co.uk\/de\/wp-json\/wp\/v2\/comments?post=2378"}],"version-history":[{"count":1,"href":"https:\/\/www.gerle-communications.co.uk\/de\/wp-json\/wp\/v2\/posts\/2378\/revisions"}],"predecessor-version":[{"id":2627,"href":"https:\/\/www.gerle-communications.co.uk\/de\/wp-json\/wp\/v2\/posts\/2378\/revisions\/2627"}],"wp:featuredmedia":[{"embeddable":true,"href":"https:\/\/www.gerle-communications.co.uk\/de\/wp-json\/wp\/v2\/media\/2500"}],"wp:attachment":[{"href":"https:\/\/www.gerle-communications.co.uk\/de\/wp-json\/wp\/v2\/media?parent=2378"}],"wp:term":[{"taxonomy":"category","embeddable":true,"href":"https:\/\/www.gerle-communications.co.uk\/de\/wp-json\/wp\/v2\/categories?post=2378"},{"taxonomy":"post_tag","embeddable":true,"href":"https:\/\/www.gerle-communications.co.uk\/de\/wp-json\/wp\/v2\/tags?post=2378"}],"curies":[{"name":"wp","href":"https:\/\/api.w.org\/{rel}","templated":true}]}}